{"id":22892,"date":"2025-04-23T17:00:09","date_gmt":"2025-04-23T17:00:09","guid":{"rendered":"https:\/\/haberbesiktas.tr\/?p=22892"},"modified":"2025-04-23T17:00:09","modified_gmt":"2025-04-23T17:00:09","slug":"fenerbahce-derbi-galibiyetine-hasret","status":"publish","type":"post","link":"https:\/\/haberbesiktas.tr\/?p=22892","title":{"rendered":"Fenerbah\u00e7e derbi galibiyetine hasret!"},"content":{"rendered":"<div>Fenerbah\u00e7e&#8217;de derbi galibiyeti hasreti ya\u015fan\u0131yor.\u00a0<br \/> Sar\u0131-lacivertliler, ligin birinci yar\u0131s\u0131nda alan\u0131nda Galatasaray&#8217;a 3-1 yenilirken, Bes\u0327iktas\u0327&#8217;a da deplasmanda 1-0 mag\u0306lup oldu.<\/p>\n<p> Bu d\u00f6nem 3. kere bir derbi mu\u0308sabakas\u0131na c\u0327\u0131kan Fenerbahc\u0327e, so\u0308z konusu kars\u0327\u0131las\u0327madan da galibiyete ulas\u0327amad\u0131.<\/p>\n<\/div>\n<p><\/p>\n","protected":false},"excerpt":{"rendered":"<p>Fenerbahc\u0327e, bu d\u00f6nem derbi galibiyeti yas\u0327ayamad\u0131.<\/p>\n","protected":false},"author":1,"featured_media":22893,"comment_status":"open","ping_status":"open","sticky":false,"template":"","format":"standard","meta":{"footnotes":""},"categories":[25],"tags":[],"class_list":["post-22892","post","type-post","status-publish","format-standard","has-post-thumbnail","hentry","category-futbol"],"_links":{"self":[{"href":"https:\/\/haberbesiktas.tr\/index.php?rest_route=\/wp\/v2\/posts\/22892","targetHints":{"allow":["GET"]}}],"collection":[{"href":"https:\/\/haberbesiktas.tr\/index.php?rest_route=\/wp\/v2\/posts"}],"about":[{"href":"https:\/\/haberbesiktas.tr\/index.php?rest_route=\/wp\/v2\/types\/post"}],"author":[{"embeddable":true,"href":"https:\/\/haberbesiktas.tr\/index.php?rest_route=\/wp\/v2\/users\/1"}],"replies":[{"embeddable":true,"href":"https:\/\/haberbesiktas.tr\/index.php?rest_route=%2Fwp%2Fv2%2Fcomments&post=22892"}],"version-history":[{"count":1,"href":"https:\/\/haberbesiktas.tr\/index.php?rest_route=\/wp\/v2\/posts\/22892\/revisions"}],"predecessor-version":[{"id":22894,"href":"https:\/\/haberbesiktas.tr\/index.php?rest_route=\/wp\/v2\/posts\/22892\/revisions\/22894"}],"wp:featuredmedia":[{"embeddable":true,"href":"https:\/\/haberbesiktas.tr\/index.php?rest_route=\/wp\/v2\/media\/22893"}],"wp:attachment":[{"href":"https:\/\/haberbesiktas.tr\/index.php?rest_route=%2Fwp%2Fv2%2Fmedia&parent=22892"}],"wp:term":[{"taxonomy":"category","embeddable":true,"href":"https:\/\/haberbesiktas.tr\/index.php?rest_route=%2Fwp%2Fv2%2Fcategories&post=22892"},{"taxonomy":"post_tag","embeddable":true,"href":"https:\/\/haberbesiktas.tr\/index.php?rest_route=%2Fwp%2Fv2%2Ftags&post=22892"}],"curies":[{"name":"wp","href":"https:\/\/api.w.org\/{rel}","templated":true}]}}