{"id":22901,"date":"2025-04-23T17:36:07","date_gmt":"2025-04-23T17:36:07","guid":{"rendered":"https:\/\/haberbesiktas.tr\/?p=22901"},"modified":"2025-04-23T17:36:07","modified_gmt":"2025-04-23T17:36:07","slug":"galatasaraydan-mourinhoya-tepki-irkciliktan-ceza-almali","status":"publish","type":"post","link":"https:\/\/haberbesiktas.tr\/?p=22901","title":{"rendered":"Galatasaray&#8217;dan Mourinho&#8217;ya tepki: &#8220;Irk\u00e7\u0131l\u0131ktan ceza almal\u0131&#8221;"},"content":{"rendered":"<div>Galatasaray Sportif A.\u015e. Lider Vekili Abdullah Kavuk\u00e7u, Jose Mourinho&#8217;nun ma\u00e7 sonundaki kelamlar\u0131na reaksiyon g\u00f6sterdi.<\/p>\n<p><strong>&#8220;MOURINHO CEZA ALMALI&#8221;<\/strong><\/p>\n<p>Beyaz TV&#8217;ye konu\u015fan Kavukcu, <strong>&#8220;<span>Jose Mourinho ile ilgili gerekli her \u015feyi yapaca\u011f\u0131z. Resmen \u0131rk\u00e7\u0131l\u0131k yapt\u0131, kime maymun diyorsa a\u00e7\u0131klayacak. G\u00fcya buras\u0131 muz cumhuriyeti! Her \u015feyi konu\u015fuyor, Acun da \u00e7\u0131k\u0131yor, onu savunuyor. Ma\u00e7tan sonra hakem odas\u0131na gidiyor ve tebrik ediyor! Biz yapmadan evvel TFF \u0131rk\u00e7\u0131l\u0131kla ilgili gerekeni yapmal\u0131! Her \u015feyi yap\u0131yorlar, sonra \u00fcste \u00e7\u0131k\u0131yorlar! Biz yapsak, neler yaparlard\u0131. TFF bu bahisle ilgili bir \u015fey yaparsa, asl\u0131nda adama \u0131rk\u00e7\u0131l\u0131ktan ceza vermek zorundalar<\/span><\/strong><span><strong>.&#8221;<\/strong> kelamlar\u0131n\u0131 sarf etti.<\/p>\n<p><strong>GALATASARAY&#8217;DAN A\u00c7IKLAMA: &#8220;IRK\u00c7ILI\u011eA HAYIR&#8221;<\/strong><\/p>\n<p>\u00d6te yandan Galatasaray Kul\u00fcb\u00fc yapt\u0131\u011f\u0131 a\u00e7\u0131klamada, <strong>&#8220;<\/strong><span><strong>T\u00fcrkiye&#8217;de \u00e7al\u0131\u015fmaya ba\u015flad\u0131\u011f\u0131ndan beri nizaml\u0131 olarak T\u00fcrk insan\u0131n\u0131 a\u015fa\u011f\u0131lay\u0131c\u0131 kelamlar sarf eden Fenerbah\u00e7e Teknik Y\u00f6neticisi Jose Mourinho, bug\u00fcn ahlak d\u0131\u015f\u0131 tabirlerine insanl\u0131k d\u0131\u015f\u0131 telaffuzlar\u0131 de eklemi\u015ftir. Jose Mourinho hakk\u0131nda bu \u0131rk\u00e7\u0131 telaffuzlar\u0131 nedeniyle savc\u0131l\u0131\u011fa hata duyurusunda bulunaca\u011f\u0131m\u0131z\u0131, UEFA ve FIFA nezdinde de \u015fikayet\u00e7i olaca\u011f\u0131m\u0131z\u0131 bildiririz. T\u00fcm bu te\u015febb\u00fcslerimizin yan\u0131nda &#8220;Ahlak timsali&#8221; rakibimizin teknik y\u00f6neticilerinin bu s\u00f6ylemi hakk\u0131nda g\u00f6sterece\u011fi tutumu takip edece\u011fiz.&#8221;<\/strong> kelamlar\u0131n\u0131 sarf etti.<\/span><\/p>\n<p><strong>MOURINHO NE DEM\u0130\u015eT\u0130?<br \/><\/strong><br \/>Fenerbah\u00e7e Teknik Y\u00f6neticisi Jose Mourinho, Galatasaray ma\u00e7\u0131n\u0131n akabinde,<strong>\u00a0<span>&#8220;Yusuf Ak\u00e7i\u00e7ek&#8217;i Raphiel Varene ile k\u0131yaslayamam. Kusursuz de\u011fil ancak olacak. Varane bir\u00e7ok kupa kazand\u0131, onu bu ya\u015flarda \u015eampiyonlar Ligi&#8217;nde oynatt\u0131. Hakeme de te\u015fekk\u00fcr etmeliyim. Bahsetti\u011fim konumda, rakip yedek kul\u00fcbesindeki herkes ba\u015f\u0131nda maymun \u00fczere z\u0131pl\u0131yordu. T\u00fcrk hakem olsa, 1. dakikada kart\u0131 verirdi ve 5. dakikada \u00e7\u0131karmam gerekirdi. Onun i\u00e7in \u015fahane ma\u00e7 oldu. Vincenzo Montella&#8217;n\u0131n elinde \u00e7ok isim var fakat umar\u0131m o da performans\u0131ndan memnundur. Kaleci de k\u00f6t\u00fc de\u011fil.&#8221;<\/span><\/strong> s\u00f6zlerini kullanm\u0131\u015ft\u0131.<\/span><\/div>\n<p><\/p>\n","protected":false},"excerpt":{"rendered":"<p>Galatasaray Sportif A.\u015e. Lider Vekili Abdullah Kavuk\u00e7u, Jose Mourinho&#8217;nun ma\u00e7 sonundaki kelamlar\u0131na reaksiyon g\u00f6sterdi.<\/p>\n","protected":false},"author":1,"featured_media":22902,"comment_status":"open","ping_status":"open","sticky":false,"template":"","format":"standard","meta":{"footnotes":""},"categories":[25],"tags":[1577,2172],"class_list":["post-22901","post","type-post","status-publish","format-standard","has-post-thumbnail","hentry","category-futbol","tag-irkci","tag-jose-mourinho"],"_links":{"self":[{"href":"https:\/\/haberbesiktas.tr\/index.php?rest_route=\/wp\/v2\/posts\/22901","targetHints":{"allow":["GET"]}}],"collection":[{"href":"https:\/\/haberbesiktas.tr\/index.php?rest_route=\/wp\/v2\/posts"}],"about":[{"href":"https:\/\/haberbesiktas.tr\/index.php?rest_route=\/wp\/v2\/types\/post"}],"author":[{"embeddable":true,"href":"https:\/\/haberbesiktas.tr\/index.php?rest_route=\/wp\/v2\/users\/1"}],"replies":[{"embeddable":true,"href":"https:\/\/haberbesiktas.tr\/index.php?rest_route=%2Fwp%2Fv2%2Fcomments&post=22901"}],"version-history":[{"count":1,"href":"https:\/\/haberbesiktas.tr\/index.php?rest_route=\/wp\/v2\/posts\/22901\/revisions"}],"predecessor-version":[{"id":22903,"href":"https:\/\/haberbesiktas.tr\/index.php?rest_route=\/wp\/v2\/posts\/22901\/revisions\/22903"}],"wp:featuredmedia":[{"embeddable":true,"href":"https:\/\/haberbesiktas.tr\/index.php?rest_route=\/wp\/v2\/media\/22902"}],"wp:attachment":[{"href":"https:\/\/haberbesiktas.tr\/index.php?rest_route=%2Fwp%2Fv2%2Fmedia&parent=22901"}],"wp:term":[{"taxonomy":"category","embeddable":true,"href":"https:\/\/haberbesiktas.tr\/index.php?rest_route=%2Fwp%2Fv2%2Fcategories&post=22901"},{"taxonomy":"post_tag","embeddable":true,"href":"https:\/\/haberbesiktas.tr\/index.php?rest_route=%2Fwp%2Fv2%2Ftags&post=22901"}],"curies":[{"name":"wp","href":"https:\/\/api.w.org\/{rel}","templated":true}]}}