{"id":22929,"date":"2025-04-23T19:24:08","date_gmt":"2025-04-23T19:24:08","guid":{"rendered":"https:\/\/haberbesiktas.tr\/?p=22929"},"modified":"2025-04-23T19:24:08","modified_gmt":"2025-04-23T19:24:08","slug":"yunus-akgun-kasimpasa-macinda-yok","status":"publish","type":"post","link":"https:\/\/haberbesiktas.tr\/?p=22929","title":{"rendered":"Yunus Akg\u00fcn, Kas\u0131mpa\u015fa ma\u00e7\u0131nda yok!"},"content":{"rendered":"<div>Galatasaray&#8217;da sakatl\u0131\u011f\u0131n\u0131 atlatan Yunus Akg\u00fcn, Fenerbahc\u0327e derbisiyle geri d\u00f6nd\u00fc.<\/p>\n<p> Gayrete yedek kul\u00fcbesinde ba\u015flayan ulusal futbolcu, Fenerbahc\u0327e derbisinde 69. dakikas\u0131nda Gabriel Sara yerine oyuna dahil oldu.<\/p>\n<p> Yunus Akg\u00fcn, uzatma dakikalar\u0131nda Fred ile ya\u015fad\u0131\u011f\u0131 tart\u0131\u015fman\u0131n akabinde sar\u0131 kart g\u00f6rd\u00fc ve cezal\u0131 duruma d\u00fc\u015ft\u00fc.<\/p>\n<p> 24 ya\u015f\u0131ndaki futbolcu, gelecek hafta oynanacak Kas\u0131mpa\u015fa ma\u00e7\u0131nda forma giyemeyecek.<\/p>\n<\/div>\n<p><\/p>\n","protected":false},"excerpt":{"rendered":"<p>Galatasaray&#8217;da Fenerbahc\u0327e ile oynanan derbide sar\u0131 kart g\u00f6ren Yunus Akg\u00fcn, Kas\u0131mpa\u015fa ma\u00e7\u0131nda cezal\u0131 duruma d\u00fc\u015ft\u00fc.<\/p>\n","protected":false},"author":1,"featured_media":22930,"comment_status":"open","ping_status":"open","sticky":false,"template":"","format":"standard","meta":{"footnotes":""},"categories":[25],"tags":[],"class_list":["post-22929","post","type-post","status-publish","format-standard","has-post-thumbnail","hentry","category-futbol"],"_links":{"self":[{"href":"https:\/\/haberbesiktas.tr\/index.php?rest_route=\/wp\/v2\/posts\/22929","targetHints":{"allow":["GET"]}}],"collection":[{"href":"https:\/\/haberbesiktas.tr\/index.php?rest_route=\/wp\/v2\/posts"}],"about":[{"href":"https:\/\/haberbesiktas.tr\/index.php?rest_route=\/wp\/v2\/types\/post"}],"author":[{"embeddable":true,"href":"https:\/\/haberbesiktas.tr\/index.php?rest_route=\/wp\/v2\/users\/1"}],"replies":[{"embeddable":true,"href":"https:\/\/haberbesiktas.tr\/index.php?rest_route=%2Fwp%2Fv2%2Fcomments&post=22929"}],"version-history":[{"count":1,"href":"https:\/\/haberbesiktas.tr\/index.php?rest_route=\/wp\/v2\/posts\/22929\/revisions"}],"predecessor-version":[{"id":22931,"href":"https:\/\/haberbesiktas.tr\/index.php?rest_route=\/wp\/v2\/posts\/22929\/revisions\/22931"}],"wp:featuredmedia":[{"embeddable":true,"href":"https:\/\/haberbesiktas.tr\/index.php?rest_route=\/wp\/v2\/media\/22930"}],"wp:attachment":[{"href":"https:\/\/haberbesiktas.tr\/index.php?rest_route=%2Fwp%2Fv2%2Fmedia&parent=22929"}],"wp:term":[{"taxonomy":"category","embeddable":true,"href":"https:\/\/haberbesiktas.tr\/index.php?rest_route=%2Fwp%2Fv2%2Fcategories&post=22929"},{"taxonomy":"post_tag","embeddable":true,"href":"https:\/\/haberbesiktas.tr\/index.php?rest_route=%2Fwp%2Fv2%2Ftags&post=22929"}],"curies":[{"name":"wp","href":"https:\/\/api.w.org\/{rel}","templated":true}]}}