{"id":22932,"date":"2025-04-23T19:36:07","date_gmt":"2025-04-23T19:36:07","guid":{"rendered":"https:\/\/haberbesiktas.tr\/?p=22932"},"modified":"2025-04-23T19:36:07","modified_gmt":"2025-04-23T19:36:07","slug":"solskjaerin-prensi-semih-kilicsoy-ilk-11e-donuyor","status":"publish","type":"post","link":"https:\/\/haberbesiktas.tr\/?p=22932","title":{"rendered":"Solskjaer&#8217;in prensi Semih K\u0131l\u0131\u00e7soy ilk 11&#8217;e d\u00f6n\u00fcyor"},"content":{"rendered":"<div>\n<p>Be\u015fikta\u015f&#8217;\u0131n gen\u00e7 santrforu Semih K\u0131l\u0131\u00e7soy, yine birinci 11&#8217;e d\u00f6n\u00fcyor.\u00a0<\/p>\n<p> En son G\u00f6ztepe ma\u00e7\u0131nda gole imza atan gen\u00e7 santrforun oynad\u0131\u011f\u0131 futbol t\u00fcm Be\u015fikta\u015fl\u0131 taraftar\u0131 derinden d\u00fc\u015f\u00fcnd\u00fcr\u00fcrken, Solskjaer&#8217;in teknik i\u015fveren koltu\u011funa oturmas\u0131yla kimi isimlerin geli\u015fimi ve kimi dengelerin de\u011fi\u015fimi evrim ge\u00e7irmesine neden oldu.\u00a0<\/p>\n<p> Gen\u00e7 Semih de bu durumdan faydalanan ve gelecek i\u00e7in \u0131\u015f\u0131k yakan oyuncular ortas\u0131na girdi.<\/p>\n<p> Solskjaer, ekipte bozulan moral motivasyonu tekrar kazand\u0131rmak i\u00e7in bir\u00e7ok isim ile tek tek ilgilendi.<\/p>\n<p> <strong>SEM\u0130H TAL\u0130H\u0130N\u0130 UYGUN DE\u011eERLEND\u0130RD\u0130<\/strong><\/p>\n<p> Gen\u00e7 santrfor \u00fczerinde de \u0131srarc\u0131 oldu. Onu birinci 11&#8217;de alana s\u00fcrd\u00fc. Oyuna sonradan dahil etti. Ve Semih&#8217;i kazanmak i\u00e7in Norve\u00e7li Hoca onu form d\u00fc\u015f\u00fckl\u00fc\u011f\u00fc ya\u015fayan \u0130mmobile&#8217;nin yerine alana s\u00fcrd\u00fc. Gen\u00e7 santrfor bu baht\u0131 yeterli k\u0131ymetlendirdi.<\/p>\n<p> <strong>PERFORMANSI<\/strong><\/p>\n<p> Bu d\u00f6nem Be\u015fikta\u015f formas\u0131yla 34 ma\u00e7a \u00e7\u0131kan Semih K\u0131l\u0131\u00e7soy, 3 gol 3 asistlik performans sergiledi.<\/p>\n<\/div>\n<p><\/p>\n","protected":false},"excerpt":{"rendered":"<p>Be\u015fikta\u015f&#8217;\u0131n y\u00f6netimsel s\u0131k\u0131nt\u0131lar\u0131yla birlikte performans\u0131 b\u00fcy\u00fck \u00f6l\u00e7\u00fcde etkilenen ve ortadan kaybolan isimlerin ba\u015f\u0131nda gelen Semih K\u0131l\u0131\u00e7soy, tekrar birinci 11&#8217;e d\u00f6n\u00fcyor.<\/p>\n","protected":false},"author":1,"featured_media":22933,"comment_status":"open","ping_status":"open","sticky":false,"template":"","format":"standard","meta":{"footnotes":""},"categories":[25],"tags":[334,990],"class_list":["post-22932","post","type-post","status-publish","format-standard","has-post-thumbnail","hentry","category-futbol","tag-genc","tag-semih"],"_links":{"self":[{"href":"https:\/\/haberbesiktas.tr\/index.php?rest_route=\/wp\/v2\/posts\/22932","targetHints":{"allow":["GET"]}}],"collection":[{"href":"https:\/\/haberbesiktas.tr\/index.php?rest_route=\/wp\/v2\/posts"}],"about":[{"href":"https:\/\/haberbesiktas.tr\/index.php?rest_route=\/wp\/v2\/types\/post"}],"author":[{"embeddable":true,"href":"https:\/\/haberbesiktas.tr\/index.php?rest_route=\/wp\/v2\/users\/1"}],"replies":[{"embeddable":true,"href":"https:\/\/haberbesiktas.tr\/index.php?rest_route=%2Fwp%2Fv2%2Fcomments&post=22932"}],"version-history":[{"count":1,"href":"https:\/\/haberbesiktas.tr\/index.php?rest_route=\/wp\/v2\/posts\/22932\/revisions"}],"predecessor-version":[{"id":22934,"href":"https:\/\/haberbesiktas.tr\/index.php?rest_route=\/wp\/v2\/posts\/22932\/revisions\/22934"}],"wp:featuredmedia":[{"embeddable":true,"href":"https:\/\/haberbesiktas.tr\/index.php?rest_route=\/wp\/v2\/media\/22933"}],"wp:attachment":[{"href":"https:\/\/haberbesiktas.tr\/index.php?rest_route=%2Fwp%2Fv2%2Fmedia&parent=22932"}],"wp:term":[{"taxonomy":"category","embeddable":true,"href":"https:\/\/haberbesiktas.tr\/index.php?rest_route=%2Fwp%2Fv2%2Fcategories&post=22932"},{"taxonomy":"post_tag","embeddable":true,"href":"https:\/\/haberbesiktas.tr\/index.php?rest_route=%2Fwp%2Fv2%2Ftags&post=22932"}],"curies":[{"name":"wp","href":"https:\/\/api.w.org\/{rel}","templated":true}]}}