{"id":22938,"date":"2025-04-23T20:00:07","date_gmt":"2025-04-23T20:00:07","guid":{"rendered":"https:\/\/haberbesiktas.tr\/?p=22938"},"modified":"2025-04-23T20:00:07","modified_gmt":"2025-04-23T20:00:07","slug":"fenerbahcede-en-nesyri-bu-kez-sustu","status":"publish","type":"post","link":"https:\/\/haberbesiktas.tr\/?p=22938","title":{"rendered":"Fenerbah\u00e7e&#8217;de En-Nesyri bu kez sustu"},"content":{"rendered":"<div>\n<p>Fenerbah\u00e7e&#8217;nin son haftalardaki formdaki ismi Youssef En-Nesyri, Galatasaray derbisinde sessiz kald\u0131.<\/p>\n<p><strong>SON 4 MA\u00c7TA 7 GOL\u00a0<\/strong><\/p>\n<p> Davinson Sanchez&#8217;e kar\u015f\u0131 \u00fcst\u00fcnl\u00fck kuramayan Fasl\u0131 forvet, oynad\u0131\u011f\u0131 son 4 lig ma\u00e7\u0131nda 7 gol kaydetmi\u015fti.<\/p>\n<p> Nesyri, RAMS Park&#8217;ta bu serisine son verdi.<\/p>\n<\/div>\n<p><\/p>\n","protected":false},"excerpt":{"rendered":"<p>Fenerbah\u00e7e&#8217;nin y\u0131ld\u0131z santrforu Youssef En Nesyri, Galatasaray derbisinde sessiz kald\u0131.<\/p>\n","protected":false},"author":1,"featured_media":22939,"comment_status":"open","ping_status":"open","sticky":false,"template":"","format":"standard","meta":{"footnotes":""},"categories":[25],"tags":[],"class_list":["post-22938","post","type-post","status-publish","format-standard","has-post-thumbnail","hentry","category-futbol"],"_links":{"self":[{"href":"https:\/\/haberbesiktas.tr\/index.php?rest_route=\/wp\/v2\/posts\/22938","targetHints":{"allow":["GET"]}}],"collection":[{"href":"https:\/\/haberbesiktas.tr\/index.php?rest_route=\/wp\/v2\/posts"}],"about":[{"href":"https:\/\/haberbesiktas.tr\/index.php?rest_route=\/wp\/v2\/types\/post"}],"author":[{"embeddable":true,"href":"https:\/\/haberbesiktas.tr\/index.php?rest_route=\/wp\/v2\/users\/1"}],"replies":[{"embeddable":true,"href":"https:\/\/haberbesiktas.tr\/index.php?rest_route=%2Fwp%2Fv2%2Fcomments&post=22938"}],"version-history":[{"count":1,"href":"https:\/\/haberbesiktas.tr\/index.php?rest_route=\/wp\/v2\/posts\/22938\/revisions"}],"predecessor-version":[{"id":22940,"href":"https:\/\/haberbesiktas.tr\/index.php?rest_route=\/wp\/v2\/posts\/22938\/revisions\/22940"}],"wp:featuredmedia":[{"embeddable":true,"href":"https:\/\/haberbesiktas.tr\/index.php?rest_route=\/wp\/v2\/media\/22939"}],"wp:attachment":[{"href":"https:\/\/haberbesiktas.tr\/index.php?rest_route=%2Fwp%2Fv2%2Fmedia&parent=22938"}],"wp:term":[{"taxonomy":"category","embeddable":true,"href":"https:\/\/haberbesiktas.tr\/index.php?rest_route=%2Fwp%2Fv2%2Fcategories&post=22938"},{"taxonomy":"post_tag","embeddable":true,"href":"https:\/\/haberbesiktas.tr\/index.php?rest_route=%2Fwp%2Fv2%2Ftags&post=22938"}],"curies":[{"name":"wp","href":"https:\/\/api.w.org\/{rel}","templated":true}]}}