{"id":22944,"date":"2025-04-23T20:24:06","date_gmt":"2025-04-23T20:24:06","guid":{"rendered":"https:\/\/haberbesiktas.tr\/?p=22944"},"modified":"2025-04-23T20:24:06","modified_gmt":"2025-04-23T20:24:06","slug":"fenerbahcede-tadic-tepki-topladi","status":"publish","type":"post","link":"https:\/\/haberbesiktas.tr\/?p=22944","title":{"rendered":"Fenerbah\u00e7e&#8217;de Tadic, tepki toplad\u0131"},"content":{"rendered":"<div>\n<p>Fenerbah\u00e7e&#8217;de teknik y\u00f6netici Jose Mourinho&#8217;nun d\u00fcn birinci 11&#8217;de alana s\u00fcrd\u00fc\u011f\u00fc Dusan Tadic, performans\u0131yla ele\u015ftirilirken 68&#8217;de ya\u015fanan karambolde mutlak gol durumundan yararlanamad\u0131.<\/p>\n<p> Kornerden gelen topta alt\u0131 pasa d\u00fc\u015fen topa son dokunan S\u0131rp oyuncu, Galatasaray kalecisi Muslera&#8217;y\u0131 ge\u00e7emedi.<\/p>\n<p> Oyun i\u00e7inde de s\u0131k s\u0131k e\u015fle\u015fti\u011fi Lemina kar\u015f\u0131s\u0131nda ikili gayretleri kaybeden 36 ya\u015f\u0131ndaki futbolcuya fizik\u00ee manada yetersiz kald\u0131\u011f\u0131 taraf\u0131nda tenkitler yap\u0131ld\u0131.\u00a0<\/p>\n<p> Mourinho&#8217;nun 90 dakika alanda tuttu\u011fu Tadic ma\u00e7 sonunda,<strong> &#8220;Buraya kazanmak i\u00e7in gelmi\u015ftik. \u00d6nemli f\u0131rsatlar da yakalad\u0131k fakat gol\u00fc bulamad\u0131k. Galibiyete yak\u0131n olan taraf bizdik. Ligin geri kalan\u0131nda \u015fampiyonluk gayretimiz devam edecek&#8221;<\/strong> tabirini kulland\u0131.<\/p>\n<\/div>\n<p><\/p>\n","protected":false},"excerpt":{"rendered":"<p>Galatasaray derbisinde etkisiz kalan Dusan Tadic, ka\u00e7\u0131rd\u0131\u011f\u0131 net f\u0131rsat ve fizik\u00ee yetersizli\u011fi nedeniyle reaksiyon toplad\u0131.<\/p>\n","protected":false},"author":1,"featured_media":22945,"comment_status":"open","ping_status":"open","sticky":false,"template":"","format":"standard","meta":{"footnotes":""},"categories":[25],"tags":[],"class_list":["post-22944","post","type-post","status-publish","format-standard","has-post-thumbnail","hentry","category-futbol"],"_links":{"self":[{"href":"https:\/\/haberbesiktas.tr\/index.php?rest_route=\/wp\/v2\/posts\/22944","targetHints":{"allow":["GET"]}}],"collection":[{"href":"https:\/\/haberbesiktas.tr\/index.php?rest_route=\/wp\/v2\/posts"}],"about":[{"href":"https:\/\/haberbesiktas.tr\/index.php?rest_route=\/wp\/v2\/types\/post"}],"author":[{"embeddable":true,"href":"https:\/\/haberbesiktas.tr\/index.php?rest_route=\/wp\/v2\/users\/1"}],"replies":[{"embeddable":true,"href":"https:\/\/haberbesiktas.tr\/index.php?rest_route=%2Fwp%2Fv2%2Fcomments&post=22944"}],"version-history":[{"count":1,"href":"https:\/\/haberbesiktas.tr\/index.php?rest_route=\/wp\/v2\/posts\/22944\/revisions"}],"predecessor-version":[{"id":22946,"href":"https:\/\/haberbesiktas.tr\/index.php?rest_route=\/wp\/v2\/posts\/22944\/revisions\/22946"}],"wp:featuredmedia":[{"embeddable":true,"href":"https:\/\/haberbesiktas.tr\/index.php?rest_route=\/wp\/v2\/media\/22945"}],"wp:attachment":[{"href":"https:\/\/haberbesiktas.tr\/index.php?rest_route=%2Fwp%2Fv2%2Fmedia&parent=22944"}],"wp:term":[{"taxonomy":"category","embeddable":true,"href":"https:\/\/haberbesiktas.tr\/index.php?rest_route=%2Fwp%2Fv2%2Fcategories&post=22944"},{"taxonomy":"post_tag","embeddable":true,"href":"https:\/\/haberbesiktas.tr\/index.php?rest_route=%2Fwp%2Fv2%2Ftags&post=22944"}],"curies":[{"name":"wp","href":"https:\/\/api.w.org\/{rel}","templated":true}]}}