{"id":22959,"date":"2025-04-23T21:24:08","date_gmt":"2025-04-23T21:24:08","guid":{"rendered":"https:\/\/haberbesiktas.tr\/?p=22959"},"modified":"2025-04-23T21:24:08","modified_gmt":"2025-04-23T21:24:08","slug":"tuttosportta-manset-vlahovic-fenerbahce","status":"publish","type":"post","link":"https:\/\/haberbesiktas.tr\/?p=22959","title":{"rendered":"Tuttosport&#8217;ta man\u015fet: &#8220;Vlahovic &#8211; Fenerbah\u00e7e!&#8221;"},"content":{"rendered":"<div>Fenerbah\u00e7e&#8217;nin Juventuslu Dusan Vlahovic i\u00e7in yapt\u0131\u011f\u0131 transfer bask\u0131s\u0131, TuttoSport&#8217;ta man\u015fet oldu.<\/p>\n<p> Juventus&#8217;un kenti Torino&#8217;nun en b\u00fcy\u00fck spor gazetesi TuttoSport, Fenerbah\u00e7e&#8217;nin Dusan Vlahovic i\u00e7in ocak ay\u0131nda da y\u00fckl\u00fc bir maa\u015f teklifi yapt\u0131\u011f\u0131 lakin S\u0131rp golc\u00fcn\u00fcn bu teklifi geri \u00e7evirdi\u011fi belirtildi.<\/p>\n<p> <strong>MOURINHO DA DEVREYE G\u0130RD\u0130<\/strong><\/p>\n<p> Haberin ayr\u0131nt\u0131s\u0131nda verilen bilgiye nazaran; Juventus&#8217;un da satmaya s\u0131cak bakt\u0131\u011f\u0131 Vlahovic i\u00e7in Fenerbah\u00e7e, transfer te\u015febb\u00fcslerine devam ediyor. Mourinho, bu transfer i\u00e7in devreye girdi ancak Vlahovic, Premier Lig maksad\u0131 nedeniyle para dahi konu\u015fmadan bu teklifi geri \u00e7evirdi.<\/p>\n<p> <strong>HEDEF\u0130 PREMIER L\u0130G<\/strong><\/p>\n<p> Randal Kolo Muani&#8217;nin transferi sonras\u0131 yedek pozisyonuna d\u00fc\u015fen Dusan Vlahovic&#8217;in d\u00f6nemi sorun yapmadan ve \u00e7al\u0131\u015farak bitirme konusunda Juventus Teknik Y\u00f6neticisi Thiago Motta ile anla\u015ft\u0131\u011f\u0131, d\u00f6nem sonunda da Premier Lig&#8217;e gitmek istedi\u011fi belirtildi.<\/p>\n<p> <strong>BU D\u00d6NEM 16 GOLL\u00dcK ETK\u0130<\/strong><\/p>\n<p> Juventus&#8217;un Ocak 2022&#8217;de 83.5 milyon euro bonservisle transfer etti\u011fi 25 ya\u015f\u0131ndaki Dusan Vlahovic, bu d\u00f6nem oynad\u0131\u011f\u0131 31 ma\u00e7ta 14 gol at\u0131p 2 asist yapt\u0131.\u00a0<\/p>\n<\/div>\n<p><\/p>\n","protected":false},"excerpt":{"rendered":"<p>Fenerbah\u00e7e&#8217;nin Dusan Vlahovic i\u00e7in ccak ay\u0131nda teklif yapt\u0131\u011f\u0131, hala te\u015febb\u00fcslerini s\u00fcrd\u00fcrd\u00fc\u011f\u00fc fakat ikna edemedi\u011fi yaz\u0131ld\u0131.<\/p>\n","protected":false},"author":1,"featured_media":22960,"comment_status":"open","ping_status":"open","sticky":false,"template":"","format":"standard","meta":{"footnotes":""},"categories":[25],"tags":[548,48,2173],"class_list":["post-22959","post","type-post","status-publish","format-standard","has-post-thumbnail","hentry","category-futbol","tag-juventus","tag-transfer","tag-vlahovic"],"_links":{"self":[{"href":"https:\/\/haberbesiktas.tr\/index.php?rest_route=\/wp\/v2\/posts\/22959","targetHints":{"allow":["GET"]}}],"collection":[{"href":"https:\/\/haberbesiktas.tr\/index.php?rest_route=\/wp\/v2\/posts"}],"about":[{"href":"https:\/\/haberbesiktas.tr\/index.php?rest_route=\/wp\/v2\/types\/post"}],"author":[{"embeddable":true,"href":"https:\/\/haberbesiktas.tr\/index.php?rest_route=\/wp\/v2\/users\/1"}],"replies":[{"embeddable":true,"href":"https:\/\/haberbesiktas.tr\/index.php?rest_route=%2Fwp%2Fv2%2Fcomments&post=22959"}],"version-history":[{"count":1,"href":"https:\/\/haberbesiktas.tr\/index.php?rest_route=\/wp\/v2\/posts\/22959\/revisions"}],"predecessor-version":[{"id":22961,"href":"https:\/\/haberbesiktas.tr\/index.php?rest_route=\/wp\/v2\/posts\/22959\/revisions\/22961"}],"wp:featuredmedia":[{"embeddable":true,"href":"https:\/\/haberbesiktas.tr\/index.php?rest_route=\/wp\/v2\/media\/22960"}],"wp:attachment":[{"href":"https:\/\/haberbesiktas.tr\/index.php?rest_route=%2Fwp%2Fv2%2Fmedia&parent=22959"}],"wp:term":[{"taxonomy":"category","embeddable":true,"href":"https:\/\/haberbesiktas.tr\/index.php?rest_route=%2Fwp%2Fv2%2Fcategories&post=22959"},{"taxonomy":"post_tag","embeddable":true,"href":"https:\/\/haberbesiktas.tr\/index.php?rest_route=%2Fwp%2Fv2%2Ftags&post=22959"}],"curies":[{"name":"wp","href":"https:\/\/api.w.org\/{rel}","templated":true}]}}