{"id":22962,"date":"2025-04-23T21:36:08","date_gmt":"2025-04-23T21:36:08","guid":{"rendered":"https:\/\/haberbesiktas.tr\/?p=22962"},"modified":"2025-04-23T21:36:08","modified_gmt":"2025-04-23T21:36:08","slug":"manchester-uniteddan-tepki-ceken-tasarruf-tedbiri","status":"publish","type":"post","link":"https:\/\/haberbesiktas.tr\/?p=22962","title":{"rendered":"Manchester United&#8217;dan tepki \u00e7eken tasarruf tedbiri"},"content":{"rendered":"<div>\u0130ngiltere Premier Lig tak\u0131mlar\u0131ndan Manchester United&#8217;da mali ezalar nedeniyle al\u0131nan tasarruf \u00f6nlemleri kapsam\u0131nda, Old Trafford Stad\u0131&#8217;ndaki i\u015f\u00e7iye yaln\u0131zca meyve, idman tesislerinde ise futbolcular haricindeki \u00e7al\u0131\u015fanlara sadece \u00e7orba ve sandvi\u00e7 servis edilece\u011fi duyuruldu.<\/p>\n<p> \u0130ngiliz medyas\u0131nda yer alan haberlere nazaran, Manchester United&#8217;\u0131n y\u00fczde 25&#8217;lik pay\u0131n\u0131 1,25 milyar sterline sat\u0131n alan INEOS&#8217;un sahibi Jim Ratcliffe, tasarruf \u00f6nlemlerinin geni\u015fletilmesiyle Old Trafford Stad\u0131&#8217;ndaki i\u015f\u00e7i kantininin kapat\u0131laca\u011f\u0131n\u0131 ve \u00e7al\u0131\u015fanlara sadece meyve servisi yap\u0131laca\u011f\u0131n\u0131 duyurdu.<\/p>\n<p> Old Trafford&#8217;da \u00e7al\u0131\u015fanlara fiyats\u0131z s\u0131cak yemek ve \u00e7ay-kahve servisi sunan, 11.30-13.30 saatleri ortas\u0131nda hizmet veren i\u015f\u00e7i kantininin hafta sonunda kapanmas\u0131 bekleniyor.<\/p>\n<p> Grubun idman tesislerindeki fiyats\u0131z \u00f6\u011flen yeme\u011fi hizmetinin sadece futbolculara sunulaca\u011f\u0131, \u00f6b\u00fcr \u00e7al\u0131\u015fanlara ise sadece \u00e7orba ve sandvi\u00e7 verilece\u011fi duyuruldu.<\/p>\n<p> 12 \u015eubat&#8217;ta yap\u0131lan a\u00e7\u0131klamada, kul\u00fcb\u00fcn son \u00fc\u00e7 y\u0131lda 300 milyon sterlinden fazla ziyan etmesinin akabinde 200 \u00e7al\u0131\u015fan\u0131 i\u015ften \u00e7\u0131karmay\u0131 planlad\u0131\u011f\u0131 duyurulmu\u015ftu. Haberde, Manchester United&#8217;\u0131n ge\u00e7en sonbaharda 250 \u00e7al\u0131\u015fan\u0131n\u0131 i\u015ften \u00e7\u0131kard\u0131\u011f\u0131 hat\u0131rlat\u0131ld\u0131.<\/p>\n<\/div>\n<p><\/p>\n","protected":false},"excerpt":{"rendered":"<p>Manchester United&#8217;da mali dertler nedeniyle al\u0131nan tasarruf \u00f6nlemleri kapsam\u0131nda, \u00e7al\u0131\u015fanlar\u0131na yaln\u0131zca \u00e7orba ve sandvi\u00e7 servis edilece\u011fi duyuruldu.<\/p>\n","protected":false},"author":1,"featured_media":22963,"comment_status":"open","ping_status":"open","sticky":false,"template":"","format":"standard","meta":{"footnotes":""},"categories":[25],"tags":[],"class_list":["post-22962","post","type-post","status-publish","format-standard","has-post-thumbnail","hentry","category-futbol"],"_links":{"self":[{"href":"https:\/\/haberbesiktas.tr\/index.php?rest_route=\/wp\/v2\/posts\/22962","targetHints":{"allow":["GET"]}}],"collection":[{"href":"https:\/\/haberbesiktas.tr\/index.php?rest_route=\/wp\/v2\/posts"}],"about":[{"href":"https:\/\/haberbesiktas.tr\/index.php?rest_route=\/wp\/v2\/types\/post"}],"author":[{"embeddable":true,"href":"https:\/\/haberbesiktas.tr\/index.php?rest_route=\/wp\/v2\/users\/1"}],"replies":[{"embeddable":true,"href":"https:\/\/haberbesiktas.tr\/index.php?rest_route=%2Fwp%2Fv2%2Fcomments&post=22962"}],"version-history":[{"count":1,"href":"https:\/\/haberbesiktas.tr\/index.php?rest_route=\/wp\/v2\/posts\/22962\/revisions"}],"predecessor-version":[{"id":22964,"href":"https:\/\/haberbesiktas.tr\/index.php?rest_route=\/wp\/v2\/posts\/22962\/revisions\/22964"}],"wp:featuredmedia":[{"embeddable":true,"href":"https:\/\/haberbesiktas.tr\/index.php?rest_route=\/wp\/v2\/media\/22963"}],"wp:attachment":[{"href":"https:\/\/haberbesiktas.tr\/index.php?rest_route=%2Fwp%2Fv2%2Fmedia&parent=22962"}],"wp:term":[{"taxonomy":"category","embeddable":true,"href":"https:\/\/haberbesiktas.tr\/index.php?rest_route=%2Fwp%2Fv2%2Fcategories&post=22962"},{"taxonomy":"post_tag","embeddable":true,"href":"https:\/\/haberbesiktas.tr\/index.php?rest_route=%2Fwp%2Fv2%2Ftags&post=22962"}],"curies":[{"name":"wp","href":"https:\/\/api.w.org\/{rel}","templated":true}]}}