{"id":22974,"date":"2025-04-23T22:24:06","date_gmt":"2025-04-23T22:24:06","guid":{"rendered":"https:\/\/haberbesiktas.tr\/?p=22974"},"modified":"2025-04-23T22:24:06","modified_gmt":"2025-04-23T22:24:06","slug":"doktorlar-embiidin-en-az-6-ay-kadro-disi-kalabilecegini-ongoruyor","status":"publish","type":"post","link":"https:\/\/haberbesiktas.tr\/?p=22974","title":{"rendered":"Doktorlar, Embiid&#8217;in en az 6 ay kadro d\u0131\u015f\u0131 kalabilece\u011fini \u00f6ng\u00f6r\u00fcyor"},"content":{"rendered":"<div>Philadelphia 76ers y\u0131ld\u0131z\u0131 Joel Embiid&#8217;in sakatl\u0131k durumu giderek k\u00f6t\u00fcle\u015fiyor ve oyuncunun alanlara d\u00f6nmesi i\u00e7in radikal bir cerrahi m\u00fcdahale gerekebilir. <\/p>\n<p>Bu m\u00fcdahale, kendisini <strong>en az alt\u0131 ay, hatta bir y\u0131ldan uzun s\u00fcre<\/strong> boyunca alanlardan uzak b\u0131rakabilir.<\/p>\n<p> The Philadelphia Inquirer&#8217;a nazaran, hekimler Embiid&#8217;in daima ya\u015fad\u0131\u011f\u0131 diz sorunlar\u0131 i\u00e7in bir dizi cerrahi se\u00e7enek sunmu\u015f durumda. Bu se\u00e7enekler, oyuncunun meslek seyrini <strong>b\u00fcy\u00fck \u00f6l\u00e7\u00fcde<\/strong> de\u011fi\u015ftirebilir.<\/p>\n<p> 76ers, ba\u015flang\u0131\u00e7ta Embiid&#8217;in bu sakatl\u0131\u011f\u0131 tedavi etmek ve a\u011fr\u0131y\u0131 y\u00f6netmek i\u00e7in PRP (trombositten varl\u0131kl\u0131 plazma) enjeksiyonlar\u0131 ve diz s\u0131v\u0131 bo\u015faltma \u00fczere usulleri denedi. Lakin bu yollar <strong>ba\u015far\u0131l\u0131 olamad\u0131<\/strong> ve Embiid&#8217;in durumu giderek berbatla\u015ft\u0131.<\/p>\n<p> Kadroya yak\u0131n kaynaklar, Embiid&#8217;in g\u00fczelle\u015fme s\u00fcreci konusundaki ilerlemenin eksikli\u011fini g\u00f6rd\u00fck\u00e7e hayal k\u0131r\u0131kl\u0131\u011f\u0131na u\u011frad\u0131\u011f\u0131n\u0131 belirtiyor. Cerrahi m\u00fcdahale ihtimali artarken, potansiyel operasyonlar ortas\u0131nda <strong>menisk\u00fcs de\u011fi\u015fimi,<\/strong> d\u00fc\u015f\u00fck doz radyoterapi ve &#8220;osteotomi&#8221; olarak bilinen ve<strong> kal\u00e7a kemi\u011finin k\u0131r\u0131larak eklemin yine hizalanmas\u0131n\u0131<\/strong> sa\u011flayan radikal bir prosed\u00fcr bulunuyor. Bu operasyonlar, uzun g\u00fczelle\u015fme m\u00fcddetleri gerektiriyor ve Embiid&#8217;in alanlara d\u00f6nmesi <strong>en erken gelecek sezonu<\/strong> bulabilir.<\/p>\n<p> Kaynaklara nazaran, Embiid ve 76ers, <strong>ameliyat konusunda temkinli<\/strong> davran\u0131yor. Fakat ekip hekimleri, son testlerin akabinde oyuncunun d\u00f6nemi kapatma ihtimalinin art\u0131\u011f\u0131n\u0131 belirtti.<\/p>\n<p> 76ers, \u015fu an Do\u011fu Konferans\u0131&#8217;nda 12. s\u0131rada bulunuyor ve 20-36&#8217;lik derecesiyle playoff umutlar\u0131 zora girdi. Paul George&#8217;un da sakatl\u0131kla \u00e7aba etti\u011fi d\u00fc\u015f\u00fcn\u00fcl\u00fcrse, ekibin d\u00f6nemi derin bir playoff ko\u015fusu yapamadan bitirmesi m\u00fcmk\u00fcn g\u00f6r\u00fcn\u00fcyor.<\/p>\n<\/div>\n<p><\/p>\n","protected":false},"excerpt":{"rendered":"<p>Philadelphia 76ers y\u0131ld\u0131z\u0131 Joel Embiid&#8217;in alt\u0131 ay ila bir y\u0131ldan uzun m\u00fcddet ortas\u0131 parkelerden uzak kalmas\u0131na neden olacak bir operasyon ge\u00e7irmesi gerekebilece\u011fi tez edildi.<\/p>\n","protected":false},"author":1,"featured_media":22975,"comment_status":"open","ping_status":"open","sticky":false,"template":"","format":"standard","meta":{"footnotes":""},"categories":[10],"tags":[],"class_list":["post-22974","post","type-post","status-publish","format-standard","has-post-thumbnail","hentry","category-basketbol"],"_links":{"self":[{"href":"https:\/\/haberbesiktas.tr\/index.php?rest_route=\/wp\/v2\/posts\/22974","targetHints":{"allow":["GET"]}}],"collection":[{"href":"https:\/\/haberbesiktas.tr\/index.php?rest_route=\/wp\/v2\/posts"}],"about":[{"href":"https:\/\/haberbesiktas.tr\/index.php?rest_route=\/wp\/v2\/types\/post"}],"author":[{"embeddable":true,"href":"https:\/\/haberbesiktas.tr\/index.php?rest_route=\/wp\/v2\/users\/1"}],"replies":[{"embeddable":true,"href":"https:\/\/haberbesiktas.tr\/index.php?rest_route=%2Fwp%2Fv2%2Fcomments&post=22974"}],"version-history":[{"count":1,"href":"https:\/\/haberbesiktas.tr\/index.php?rest_route=\/wp\/v2\/posts\/22974\/revisions"}],"predecessor-version":[{"id":22976,"href":"https:\/\/haberbesiktas.tr\/index.php?rest_route=\/wp\/v2\/posts\/22974\/revisions\/22976"}],"wp:featuredmedia":[{"embeddable":true,"href":"https:\/\/haberbesiktas.tr\/index.php?rest_route=\/wp\/v2\/media\/22975"}],"wp:attachment":[{"href":"https:\/\/haberbesiktas.tr\/index.php?rest_route=%2Fwp%2Fv2%2Fmedia&parent=22974"}],"wp:term":[{"taxonomy":"category","embeddable":true,"href":"https:\/\/haberbesiktas.tr\/index.php?rest_route=%2Fwp%2Fv2%2Fcategories&post=22974"},{"taxonomy":"post_tag","embeddable":true,"href":"https:\/\/haberbesiktas.tr\/index.php?rest_route=%2Fwp%2Fv2%2Ftags&post=22974"}],"curies":[{"name":"wp","href":"https:\/\/api.w.org\/{rel}","templated":true}]}}