{"id":22992,"date":"2025-04-23T23:36:06","date_gmt":"2025-04-23T23:36:06","guid":{"rendered":"https:\/\/haberbesiktas.tr\/?p=22992"},"modified":"2025-04-23T23:36:06","modified_gmt":"2025-04-23T23:36:06","slug":"galatasaraydan-derbi-sonrasi-tffye-basvuru","status":"publish","type":"post","link":"https:\/\/haberbesiktas.tr\/?p=22992","title":{"rendered":"Galatasaray&#8217;dan derbi sonras\u0131 TFF&#8217;ye ba\u015fvuru"},"content":{"rendered":"<div>Galatasaray, derbinin akabinde T\u00fcrkiye Futbol Federasyonu&#8217;na m\u00fcracaatta bulundu.<\/p>\n<p> 343 Digital&#8217;den Haluk Y\u00fcrekli&#8217;nin haberine nazaran; per\u015fembe g\u00fcn\u00fc 19.00&#8217;da Konyaspor ile konutunda Ziraat T\u00fcrkiye Kupas\u0131 ma\u00e7\u0131na \u00e7\u0131kacak olan Galatasaray, Kas\u0131mpa\u015fa ile oynayaca\u011f\u0131 ma\u00e7\u0131n g\u00fcn\u00fc i\u00e7i m\u00fcracaatta bulundu.<\/p>\n<p> Galatasaray, Kas\u0131mpa\u015fa ile Recep Tayyip Erdo\u011fan Stadyumu&#8217;nda oynanacak ma\u00e7\u0131n 2 Mart Pazar 16.00&#8217;dan 3 Mart Pazartesi ak\u015fam\u0131na ertelenmesi i\u00e7in m\u00fcracaatta bulundu.<\/p>\n<p> TFF, \u015fimdi bu taleple ilgili kar\u015f\u0131l\u0131\u011f\u0131n\u0131 iletmedi.<\/p>\n<\/div>\n<p><\/p>\n","protected":false},"excerpt":{"rendered":"<p>Galatasaray, Kas\u0131mpa\u015fa ile pazar g\u00fcn\u00fc oynayaca\u011f\u0131 ma\u00e7\u0131n 1 g\u00fcn sonraya al\u0131nmas\u0131 i\u00e7in TFF&#8217;ye m\u00fcracaatta bulundu.<\/p>\n","protected":false},"author":1,"featured_media":22993,"comment_status":"open","ping_status":"open","sticky":false,"template":"","format":"standard","meta":{"footnotes":""},"categories":[25],"tags":[],"class_list":["post-22992","post","type-post","status-publish","format-standard","has-post-thumbnail","hentry","category-futbol"],"_links":{"self":[{"href":"https:\/\/haberbesiktas.tr\/index.php?rest_route=\/wp\/v2\/posts\/22992","targetHints":{"allow":["GET"]}}],"collection":[{"href":"https:\/\/haberbesiktas.tr\/index.php?rest_route=\/wp\/v2\/posts"}],"about":[{"href":"https:\/\/haberbesiktas.tr\/index.php?rest_route=\/wp\/v2\/types\/post"}],"author":[{"embeddable":true,"href":"https:\/\/haberbesiktas.tr\/index.php?rest_route=\/wp\/v2\/users\/1"}],"replies":[{"embeddable":true,"href":"https:\/\/haberbesiktas.tr\/index.php?rest_route=%2Fwp%2Fv2%2Fcomments&post=22992"}],"version-history":[{"count":1,"href":"https:\/\/haberbesiktas.tr\/index.php?rest_route=\/wp\/v2\/posts\/22992\/revisions"}],"predecessor-version":[{"id":22994,"href":"https:\/\/haberbesiktas.tr\/index.php?rest_route=\/wp\/v2\/posts\/22992\/revisions\/22994"}],"wp:featuredmedia":[{"embeddable":true,"href":"https:\/\/haberbesiktas.tr\/index.php?rest_route=\/wp\/v2\/media\/22993"}],"wp:attachment":[{"href":"https:\/\/haberbesiktas.tr\/index.php?rest_route=%2Fwp%2Fv2%2Fmedia&parent=22992"}],"wp:term":[{"taxonomy":"category","embeddable":true,"href":"https:\/\/haberbesiktas.tr\/index.php?rest_route=%2Fwp%2Fv2%2Fcategories&post=22992"},{"taxonomy":"post_tag","embeddable":true,"href":"https:\/\/haberbesiktas.tr\/index.php?rest_route=%2Fwp%2Fv2%2Ftags&post=22992"}],"curies":[{"name":"wp","href":"https:\/\/api.w.org\/{rel}","templated":true}]}}