{"id":22995,"date":"2025-04-23T23:48:07","date_gmt":"2025-04-23T23:48:07","guid":{"rendered":"https:\/\/haberbesiktas.tr\/?p=22995"},"modified":"2025-04-23T23:48:07","modified_gmt":"2025-04-23T23:48:07","slug":"kaykayda-hedef-uluslararasi-musabakalarda-yarisacak-milli-takim-olusturmak","status":"publish","type":"post","link":"https:\/\/haberbesiktas.tr\/?p=22995","title":{"rendered":"Kaykayda hedef, uluslararas\u0131 m\u00fcsabakalarda yar\u0131\u015facak milli tak\u0131m olu\u015fturmak"},"content":{"rendered":"<p>T\u00fcrkiye Kaykay Federasyonu Ba\u015fkan\u0131 Fahrettin Y\u0131ld\u0131z, uluslararas\u0131 kar\u015f\u0131la\u015fmalarda T\u00fcrkiye&#8217;yi temsil edecek kaykay atletlerini belirlemek i\u00e7in b\u00f6lge se\u00e7meleriyle birlikte T\u00fcrkiye \u015fampiyonas\u0131 d\u00fczenleyeceklerini a\u00e7\u0131klad\u0131.<\/p>\n<p> Y\u0131ld\u0131z, kaykay ve paten bran\u015flar\u0131nda faaliyet g\u00f6steren federasyonun \u00e7al\u0131\u015fmalar\u0131n\u0131 AA muhabirine k\u0131ymetlendirdi.<\/p>\n<p> Kaykay ve paten bran\u015flar\u0131nda 2 bin 225 lisansl\u0131 sportmen bulundu\u011funu, nisan ay\u0131nda yurt d\u0131\u015f\u0131ndan gelecek e\u011fitmenlerin ulusal kadro antren\u00f6rlerine e\u011fitim verece\u011fini anlatan Y\u0131ld\u0131z, &#8220;Kaykay sporunu tan\u0131tmak, yayg\u0131nla\u015ft\u0131rmak ve geli\u015ftirmek i\u00e7in \u00e7al\u0131\u015faca\u011f\u0131z.&#8221; diye konu\u015ftu.<\/p>\n<p><strong>Milli kadroya 12 sportmen se\u00e7ilecek<\/strong><\/p>\n<p> Y\u0131ld\u0131z, 22 \u015eubat&#8217;ta d\u00fczenlenen Adana A\u00e7\u0131k Yar\u0131\u015f\u0131&#8217;nda belirlenen atletlerin ulusal grup geli\u015fim kamp\u0131na al\u0131naca\u011f\u0131n\u0131 tabir ederek, \u015funlar\u0131 s\u00f6yledi:<\/p>\n<p> <strong>&#8220;Milli ekibe se\u00e7ilen atletleri \u00f6rnek g\u00f6stererek, \u00f6teki gen\u00e7leri de bu toplulu\u011fa kazand\u0131rmak istiyoruz. 10 b\u00f6lgede se\u00e7meler d\u00fczenleyece\u011fiz. Akabinde temmuz ay\u0131nda T\u00fcrkiye \u015fampiyonas\u0131n\u0131 ger\u00e7ekle\u015ftirece\u011fiz. \u015eampiyona sonunda sokak ve \u00e7anak disiplinlerinden 12 sporcuyu ulusal gruba dahil edece\u011fiz.&#8221;<\/strong><\/p>\n<p> Y\u0131ld\u0131z, 14-28 Eyl\u00fcl&#8217;de ABD&#8217;de d\u00fczenlenecek D\u00fcnya Kaykay \u015eampiyonas\u0131&#8217;na ve \u0130talya, Almanya, Slovenya&#8217;daki memleketler aras\u0131 m\u00fcsabakalara kat\u0131lacaklar\u0131n\u0131 da kaydetti.<\/p>\n<p><strong>&#8220;Hedefimiz, Los Angeles 2028 Olimpiyat Oyunlar\u0131<\/strong><\/p>\n<p> Kaykay\u0131n olimpik bran\u015flar ortas\u0131na girdi\u011fine dikkati \u00e7eken Y\u0131ld\u0131z, kelamlar\u0131n\u0131 \u015f\u00f6yle s\u00fcrd\u00fcrd\u00fc:<\/p>\n<p> <strong>&#8220;Olimpiyatlar i\u00e7in 2026&#8217;n\u0131n haziran ay\u0131ndan sonra puan s\u0131ralamalar\u0131 olu\u015facak. O vakit kadar \u00e7ocuklar\u0131m\u0131z\u0131n deneyim sahibi olmalar\u0131n\u0131 ve m\u00fcsabakalarda kendilerini g\u00f6stermelerini istiyoruz. Amac\u0131m\u0131z, Los Angeles 2028 Olimpiyat Oyunlar\u0131&#8217;na kaykay bran\u015f\u0131nda T\u00fcrkiye&#8217;yi temsilen atletlerimizin kat\u0131lmas\u0131n\u0131 sa\u011flamak.&#8221;<\/strong><\/p>\n","protected":false},"excerpt":{"rendered":"<p>T\u00fcrkiye Kaykay Federasyonu Ba\u015fkan\u0131 Fahrettin Y\u0131ld\u0131z, gelecek gayeleri hakk\u0131nda a\u00e7\u0131klamalarda bulundu.<\/p>\n","protected":false},"author":1,"featured_media":22996,"comment_status":"open","ping_status":"open","sticky":false,"template":"","format":"standard","meta":{"footnotes":""},"categories":[27],"tags":[2180,145,782,222,1516],"class_list":["post-22995","post","type-post","status-publish","format-standard","has-post-thumbnail","hentry","category-guncel-haberler","tag-kaykay","tag-milli-takim","tag-sporcu","tag-turkiye","tag-yildiz"],"_links":{"self":[{"href":"https:\/\/haberbesiktas.tr\/index.php?rest_route=\/wp\/v2\/posts\/22995","targetHints":{"allow":["GET"]}}],"collection":[{"href":"https:\/\/haberbesiktas.tr\/index.php?rest_route=\/wp\/v2\/posts"}],"about":[{"href":"https:\/\/haberbesiktas.tr\/index.php?rest_route=\/wp\/v2\/types\/post"}],"author":[{"embeddable":true,"href":"https:\/\/haberbesiktas.tr\/index.php?rest_route=\/wp\/v2\/users\/1"}],"replies":[{"embeddable":true,"href":"https:\/\/haberbesiktas.tr\/index.php?rest_route=%2Fwp%2Fv2%2Fcomments&post=22995"}],"version-history":[{"count":1,"href":"https:\/\/haberbesiktas.tr\/index.php?rest_route=\/wp\/v2\/posts\/22995\/revisions"}],"predecessor-version":[{"id":22997,"href":"https:\/\/haberbesiktas.tr\/index.php?rest_route=\/wp\/v2\/posts\/22995\/revisions\/22997"}],"wp:featuredmedia":[{"embeddable":true,"href":"https:\/\/haberbesiktas.tr\/index.php?rest_route=\/wp\/v2\/media\/22996"}],"wp:attachment":[{"href":"https:\/\/haberbesiktas.tr\/index.php?rest_route=%2Fwp%2Fv2%2Fmedia&parent=22995"}],"wp:term":[{"taxonomy":"category","embeddable":true,"href":"https:\/\/haberbesiktas.tr\/index.php?rest_route=%2Fwp%2Fv2%2Fcategories&post=22995"},{"taxonomy":"post_tag","embeddable":true,"href":"https:\/\/haberbesiktas.tr\/index.php?rest_route=%2Fwp%2Fv2%2Ftags&post=22995"}],"curies":[{"name":"wp","href":"https:\/\/api.w.org\/{rel}","templated":true}]}}