{"id":23223,"date":"2025-04-24T14:12:08","date_gmt":"2025-04-24T14:12:08","guid":{"rendered":"https:\/\/haberbesiktas.tr\/?p=23223"},"modified":"2025-04-24T14:12:08","modified_gmt":"2025-04-24T14:12:08","slug":"tuzemen-haciosmanoglu-geregini-yap","status":"publish","type":"post","link":"https:\/\/haberbesiktas.tr\/?p=23223","title":{"rendered":"T\u00fczemen: &#8220;Hac\u0131osmano\u011flu gere\u011fini yap!&#8221;"},"content":{"rendered":"<div>Sabah gazetesi m\u00fcellifi Levent T\u00fczemen, Fenerbah\u00e7e Teknik Y\u00f6neticisi Jose Mourinho&#8217;ya Galatasaray derbisinden sonraki s\u00f6zleri nedeniyle reaksiyon g\u00f6sterdi.<\/p>\n<p> T\u00fczemen, TFF&#8217;ye de davette bulunarak &#8220;Buras\u0131 T\u00fcrkiye Cumhuriyeti. \u015eayet TFF \u00f6n\u00fcnde T\u00fcrkiye amblemi varsa, lider \u0130brahim Hac\u0131osmano\u011flu gere\u011fini yapmal\u0131. Bu telaffuzlar T\u00fcrkiye&#8217;nin imaj\u0131na ziyan veriyor.&#8221; s\u00f6zlerini kulland\u0131.<\/p>\n<p> <em><strong>\u0130\u015fte T\u00fczemen&#8217;in Sabah gazetesindeki sat\u0131rlar\u0131:<\/strong><\/em><\/p>\n<p> &#8220;TFF ile Kul\u00fcpler Birli\u011fi ve F.Bah\u00e7e Lideri Say\u0131n Ali Ko\u00e7 marka bedelini y\u00fckseltmek i\u00e7in \u00e7al\u0131\u015ft\u0131klar\u0131n\u0131 s\u00f6yleseler de Mourinho lige ziyan vermeye devam ediyor. Kimse Mourinho&#8217;nun ba\u015f\u0131na gelsin diye silah dayamad\u0131. Transferi Ali Bey bitirdi ve kendisine harika bir imza merasimi d\u00fczenledi.<\/p>\n<p> Mourinho&#8217;nun son bombas\u0131 derbiden sonra yapt\u0131\u011f\u0131 a\u00e7\u0131klamalard\u0131r. Rams Park&#8217;\u0131 bir ormana, kul\u00fcbede z\u0131playanlar\u0131 maymuna benzetti.<\/p>\n<p> Buras\u0131 T\u00fcrkiye Cumhuriyeti. \u015eayet TFF \u00f6n\u00fcnde T\u00fcrkiye amblemi varsa, lider \u0130brahim Hac\u0131osmano\u011flu gere\u011fini yapmal\u0131. Bu telaffuzlar T\u00fcrkiye&#8217;nin imaj\u0131na ziyan veriyor. <\/p>\n<p>Acun Il\u0131cal\u0131, Survivor&#8217;da bir yar\u0131\u015fmac\u0131ya &#8216;maymun&#8217; s\u00f6z\u00fcn\u00fc kulland\u0131\u011f\u0131 i\u00e7in hakl\u0131 olarak sert reaksiyon koymu\u015ftu. Say\u0131n Il\u0131cal\u0131 ve Say\u0131n Ali Ko\u00e7, Mourinho&#8217;ya bu telaffuzlar\u0131ndan \u00f6t\u00fcr\u00fc sert bir ikaz yapmal\u0131. Sanki Mourinho kovulman\u0131n planlar\u0131n\u0131 yap\u0131p servetini \u00e7o\u011faltmay\u0131 m\u0131 d\u00fc\u015f\u00fcn\u00fcyor!&#8221;<\/p>\n<\/div>\n<p><\/p>\n","protected":false},"excerpt":{"rendered":"<p>Levent T\u00fczemen, T\u00fcrkiye Futbol Federasyonu&#8217;nun Fenerbah\u00e7e Teknik Y\u00f6neticisi Mourinho&#8217;ya ceza vermesi gerekti\u011fini lisana getirdi.<\/p>\n","protected":false},"author":1,"featured_media":23224,"comment_status":"open","ping_status":"open","sticky":false,"template":"","format":"standard","meta":{"footnotes":""},"categories":[25],"tags":[704,222],"class_list":["post-23223","post","type-post","status-publish","format-standard","has-post-thumbnail","hentry","category-futbol","tag-mourinho","tag-turkiye"],"_links":{"self":[{"href":"https:\/\/haberbesiktas.tr\/index.php?rest_route=\/wp\/v2\/posts\/23223","targetHints":{"allow":["GET"]}}],"collection":[{"href":"https:\/\/haberbesiktas.tr\/index.php?rest_route=\/wp\/v2\/posts"}],"about":[{"href":"https:\/\/haberbesiktas.tr\/index.php?rest_route=\/wp\/v2\/types\/post"}],"author":[{"embeddable":true,"href":"https:\/\/haberbesiktas.tr\/index.php?rest_route=\/wp\/v2\/users\/1"}],"replies":[{"embeddable":true,"href":"https:\/\/haberbesiktas.tr\/index.php?rest_route=%2Fwp%2Fv2%2Fcomments&post=23223"}],"version-history":[{"count":1,"href":"https:\/\/haberbesiktas.tr\/index.php?rest_route=\/wp\/v2\/posts\/23223\/revisions"}],"predecessor-version":[{"id":23225,"href":"https:\/\/haberbesiktas.tr\/index.php?rest_route=\/wp\/v2\/posts\/23223\/revisions\/23225"}],"wp:featuredmedia":[{"embeddable":true,"href":"https:\/\/haberbesiktas.tr\/index.php?rest_route=\/wp\/v2\/media\/23224"}],"wp:attachment":[{"href":"https:\/\/haberbesiktas.tr\/index.php?rest_route=%2Fwp%2Fv2%2Fmedia&parent=23223"}],"wp:term":[{"taxonomy":"category","embeddable":true,"href":"https:\/\/haberbesiktas.tr\/index.php?rest_route=%2Fwp%2Fv2%2Fcategories&post=23223"},{"taxonomy":"post_tag","embeddable":true,"href":"https:\/\/haberbesiktas.tr\/index.php?rest_route=%2Fwp%2Fv2%2Ftags&post=23223"}],"curies":[{"name":"wp","href":"https:\/\/api.w.org\/{rel}","templated":true}]}}