{"id":23253,"date":"2025-04-24T16:36:19","date_gmt":"2025-04-24T16:36:19","guid":{"rendered":"https:\/\/haberbesiktas.tr\/?p=23253"},"modified":"2025-04-24T16:36:19","modified_gmt":"2025-04-24T16:36:19","slug":"trabzonsporda-duda-transferinde-mujdeli-haber","status":"publish","type":"post","link":"https:\/\/haberbesiktas.tr\/?p=23253","title":{"rendered":"Trabzonspor&#8217;da Duda transferinde m\u00fcjdeli haber!"},"content":{"rendered":"<div>Trabzonspor, s\u0327ampiyonluk d\u00f6neminde mu\u0308this\u0327 katk\u0131 veren Marek Hamsik&#8217;in akabinde bir tu\u0308rlu\u0308 arad\u0131g\u0306\u0131 orta sahay\u0131 bulamad\u0131. 8 numara transferini orta do\u0308nemde de gerc\u0327ekles\u0327tiremeyen Trabzonspor, yaz\u0131n bu is\u0327i ko\u0308kten c\u0327o\u0308zmek istiyor. Daha o\u0308nce de F\u0131rt\u0131na&#8217;n\u0131n listesinde olan Ondrej Duda tekrar gu\u0308ndemde. Marek Hamsik \u00fczere Slovak olan, hatta efsane isimle ulusal ekipte birlikte de oynayan Duda, d\u00f6nem sonu bos\u0327a c\u0327\u0131kacak. Hellas Verona ile so\u0308zles\u0327mesi 30 Haziran 2025&#8217;te bitecek olan Duda, I\u0307talyan grubunda kalmay\u0131 du\u0308s\u0327u\u0308nmu\u0308yor. Slovak bas\u0131n\u0131na go\u0308re 30 yas\u0327\u0131ndaki y\u0131ld\u0131z Tu\u0308rkiye&#8217;ye gidebilir. Trabzonspor ile oyuncunun menajeri ortas\u0131ndaki temaslar\u0131n kesilmedig\u0306i yaz\u0131ld\u0131.<\/p>\n<p><strong>81 Ulusal MAC\u0327TA 15 GOL<\/p>\n<p><\/strong>Hams\u0131k, daha o\u0308nce vatandas\u0327\u0131 ic\u0327in Trabzonspor yo\u0308netimine olumlu referans vermis\u0327ti. Bu transferin ciddiles\u0327mesi halinde Hamsik&#8217;in go\u0308ru\u0308s\u0327melerde yard\u0131mc\u0131 olabileceg\u0306i de o\u0308g\u0306 renildi. 2014&#8217;ten bu yana Slovakya Ulusal Ekibi&#8217;nde go\u0308rev yapan ve 81 mac\u0327ta 15 gol atan Duda, orta sahan\u0131n merkezinde ofansif yo\u0308nlu\u0308 oynuyor. Duda; Ko\u0308ln, Hertha Berlin, Norwich \u00fczere kulu\u0308plerde de forma giymis\u0327ti.<\/div>\n<p><\/p>\n","protected":false},"excerpt":{"rendered":"<p>S\u00fcper Lig devlerinden Trabzonspor&#8217;da transferde k\u0131ymetli geli\u015fmeler ya\u015fan\u0131yor. Bordo-mavililere son olarak transfer g\u00fcndeminde yer alan Ondrej Duda&#8217;dan sevindiren haber geldi.<\/p>\n","protected":false},"author":1,"featured_media":23254,"comment_status":"open","ping_status":"open","sticky":false,"template":"","format":"standard","meta":{"footnotes":""},"categories":[25],"tags":[2189],"class_list":["post-23253","post","type-post","status-publish","format-standard","has-post-thumbnail","hentry","category-futbol","tag-duda"],"_links":{"self":[{"href":"https:\/\/haberbesiktas.tr\/index.php?rest_route=\/wp\/v2\/posts\/23253","targetHints":{"allow":["GET"]}}],"collection":[{"href":"https:\/\/haberbesiktas.tr\/index.php?rest_route=\/wp\/v2\/posts"}],"about":[{"href":"https:\/\/haberbesiktas.tr\/index.php?rest_route=\/wp\/v2\/types\/post"}],"author":[{"embeddable":true,"href":"https:\/\/haberbesiktas.tr\/index.php?rest_route=\/wp\/v2\/users\/1"}],"replies":[{"embeddable":true,"href":"https:\/\/haberbesiktas.tr\/index.php?rest_route=%2Fwp%2Fv2%2Fcomments&post=23253"}],"version-history":[{"count":1,"href":"https:\/\/haberbesiktas.tr\/index.php?rest_route=\/wp\/v2\/posts\/23253\/revisions"}],"predecessor-version":[{"id":23255,"href":"https:\/\/haberbesiktas.tr\/index.php?rest_route=\/wp\/v2\/posts\/23253\/revisions\/23255"}],"wp:featuredmedia":[{"embeddable":true,"href":"https:\/\/haberbesiktas.tr\/index.php?rest_route=\/wp\/v2\/media\/23254"}],"wp:attachment":[{"href":"https:\/\/haberbesiktas.tr\/index.php?rest_route=%2Fwp%2Fv2%2Fmedia&parent=23253"}],"wp:term":[{"taxonomy":"category","embeddable":true,"href":"https:\/\/haberbesiktas.tr\/index.php?rest_route=%2Fwp%2Fv2%2Fcategories&post=23253"},{"taxonomy":"post_tag","embeddable":true,"href":"https:\/\/haberbesiktas.tr\/index.php?rest_route=%2Fwp%2Fv2%2Ftags&post=23253"}],"curies":[{"name":"wp","href":"https:\/\/api.w.org\/{rel}","templated":true}]}}