{"id":23329,"date":"2025-04-24T21:36:09","date_gmt":"2025-04-24T21:36:09","guid":{"rendered":"https:\/\/haberbesiktas.tr\/?p=23329"},"modified":"2025-04-24T21:36:09","modified_gmt":"2025-04-24T21:36:09","slug":"kadinlar-eurocupta-besiktas-tur-icin-sahaya-cikacak","status":"publish","type":"post","link":"https:\/\/haberbesiktas.tr\/?p=23329","title":{"rendered":"Kad\u0131nlar EuroCup&#8217;ta Be\u015fikta\u015f, tur i\u00e7in sahaya \u00e7\u0131kacak"},"content":{"rendered":"<div>Basketbolda FIBA Bayanlar EuroCup \u00e7eyrek final r\u00f6van\u015f ma\u00e7\u0131nda Be\u015fikta\u015f, per\u015fembe g\u00fcn\u00fc deplasmanda Fransa&#8217;n\u0131n Villeneuve d&#8217;Ascq kadrosu ile kar\u015f\u0131la\u015facak.<\/p>\n<p> Palacium Spor Salonu&#8217;nda oynanacak kar\u015f\u0131la\u015fma TS\u0130 22.00&#8217;de ba\u015flayacak.<\/p>\n<p> Siyah-beyazl\u0131lar, \u00e7eyrek final birinci ma\u00e7\u0131nda a\u011f\u0131rlad\u0131\u011f\u0131 Frans\u0131z tak\u0131m\u0131na 91-72 ma\u011flup olmu\u015ftu.<\/p>\n<p> Be\u015fikta\u015f, cins atlamas\u0131 durumunda yar\u0131 finalde Macaristan&#8217;\u0131n Sopron Basket ya da Fransa&#8217;n\u0131n BLMA kadrosuyla kar\u015f\u0131la\u015facak.<\/p>\n<p> \u00a0<\/p>\n<\/div>\n<p><\/p>\n","protected":false},"excerpt":{"rendered":"<p>Be\u015fikta\u015f, FIBA Bayanlar EuroCup&#8217;ta yar\u0131 final i\u00e7in alana \u00e7\u0131k\u0131yor. Siyah-beyazl\u0131lar, \u00e7eyrek final r\u00f6van\u015f ma\u00e7\u0131nda per\u015fembe g\u00fcn\u00fc Fransa&#8217;n\u0131n Villeneuve d&#8217;Ascq tak\u0131m\u0131yla deplasmanda kar\u015f\u0131la\u015facak.<\/p>\n","protected":false},"author":1,"featured_media":23330,"comment_status":"open","ping_status":"open","sticky":false,"template":"","format":"standard","meta":{"footnotes":""},"categories":[10],"tags":[],"class_list":["post-23329","post","type-post","status-publish","format-standard","has-post-thumbnail","hentry","category-basketbol"],"_links":{"self":[{"href":"https:\/\/haberbesiktas.tr\/index.php?rest_route=\/wp\/v2\/posts\/23329","targetHints":{"allow":["GET"]}}],"collection":[{"href":"https:\/\/haberbesiktas.tr\/index.php?rest_route=\/wp\/v2\/posts"}],"about":[{"href":"https:\/\/haberbesiktas.tr\/index.php?rest_route=\/wp\/v2\/types\/post"}],"author":[{"embeddable":true,"href":"https:\/\/haberbesiktas.tr\/index.php?rest_route=\/wp\/v2\/users\/1"}],"replies":[{"embeddable":true,"href":"https:\/\/haberbesiktas.tr\/index.php?rest_route=%2Fwp%2Fv2%2Fcomments&post=23329"}],"version-history":[{"count":1,"href":"https:\/\/haberbesiktas.tr\/index.php?rest_route=\/wp\/v2\/posts\/23329\/revisions"}],"predecessor-version":[{"id":23331,"href":"https:\/\/haberbesiktas.tr\/index.php?rest_route=\/wp\/v2\/posts\/23329\/revisions\/23331"}],"wp:featuredmedia":[{"embeddable":true,"href":"https:\/\/haberbesiktas.tr\/index.php?rest_route=\/wp\/v2\/media\/23330"}],"wp:attachment":[{"href":"https:\/\/haberbesiktas.tr\/index.php?rest_route=%2Fwp%2Fv2%2Fmedia&parent=23329"}],"wp:term":[{"taxonomy":"category","embeddable":true,"href":"https:\/\/haberbesiktas.tr\/index.php?rest_route=%2Fwp%2Fv2%2Fcategories&post=23329"},{"taxonomy":"post_tag","embeddable":true,"href":"https:\/\/haberbesiktas.tr\/index.php?rest_route=%2Fwp%2Fv2%2Ftags&post=23329"}],"curies":[{"name":"wp","href":"https:\/\/api.w.org\/{rel}","templated":true}]}}