{"id":23332,"date":"2025-04-24T21:48:07","date_gmt":"2025-04-24T21:48:07","guid":{"rendered":"https:\/\/haberbesiktas.tr\/?p=23332"},"modified":"2025-04-24T21:48:07","modified_gmt":"2025-04-24T21:48:07","slug":"fransada-basortulu-basketbolcular-ozgurce-spor-yapabilmek-istiyor","status":"publish","type":"post","link":"https:\/\/haberbesiktas.tr\/?p=23332","title":{"rendered":"Fransa&#8217;da ba\u015f\u00f6rt\u00fcl\u00fc basketbolcular \u00f6zg\u00fcrce spor yapabilmek istiyor"},"content":{"rendered":"<div>Fransa&#8217;da spor kar\u015f\u0131la\u015fmalar\u0131nda ba\u015f\u00f6rt\u00fcs\u00fc yasa\u011f\u0131 g\u00fcndemdeyken M\u00fcsl\u00fcman basketbolcular, ba\u015f\u00f6rt\u00fcleriyle \u00f6zg\u00fcrce spor yap\u0131p turnuvalara kat\u0131lmak istiyor.<\/p>\n<p> Fransa&#8217;da kamu alan\u0131nda ve k\u0131smen e\u011fitim ve kimi spor bran\u015flar\u0131nda uygulanan ba\u015f\u00f6rt\u00fcs\u00fc yasa\u011f\u0131n\u0131n, t\u00fcm spor kar\u015f\u0131la\u015fmalar\u0131na yay\u0131lmas\u0131 g\u00fcndemde.<\/p>\n<p> Son olarak, Parlamentonun \u00fcst kanad\u0131 Senato, 18 \u015eubat&#8217;ta spor kar\u015f\u0131la\u015fmalar\u0131nda ba\u015f\u00f6rt\u00fcs\u00fc yasa\u011f\u0131n\u0131 \u00f6ng\u00f6ren yasa tasar\u0131s\u0131n\u0131 kabul etti.<\/p>\n<p> Farkl\u0131 spor ve insan haklar\u0131 kurulu\u015flar\u0131n\u0131n reaksiyonunu \u00e7eken yasa\u011f\u0131n y\u00fcr\u00fcrl\u00fc\u011fe girebilmesi i\u00e7in Parlamentonun alt kanad\u0131 Ulusal Mecliste de kabul edilmesi gerekiyor.<\/p>\n<p> \u00dclkede halihaz\u0131rda basketbol kar\u015f\u0131la\u015fmalar\u0131nda ba\u015f\u00f6rt\u00fcs\u00fc yasa\u011f\u0131 uygulan\u0131rken ba\u015f\u00f6rt\u00fcl\u00fc bayanlar\u0131n da spor yapmalar\u0131na imkan sa\u011flayan &#8220;Ball.Her&#8221; ligi 2023&#8217;te basketbolcu Salimata Sylla taraf\u0131ndan kuruldu.<\/p>\n<p> Ball.Her liginin de organizat\u00f6rlerinden oldu\u011fu bir basketbol aktifli\u011fi 23 \u015eubat&#8217;ta ba\u015f\u015fehir Paris&#8217;in banliy\u00f6s\u00fc Romainville kentinde d\u00fczenlendi.<\/p>\n<p> Aktifli\u011fe kat\u0131lan ba\u015f\u00f6rt\u00fcl\u00fc M\u00fcsl\u00fcman basketbolcular, kar\u015f\u0131la\u015fmalarda ba\u015f\u00f6rt\u00fcs\u00fc yasa\u011f\u0131n\u0131 \u00f6ng\u00f6ren yasa tasar\u0131s\u0131n\u0131 AA muhabirine k\u0131ymetlendirdi.<\/p>\n<p> 20 ya\u015f\u0131ndaki ba\u015f\u00f6rt\u00fcl\u00fc Frans\u0131z basketbolcu Fatou Aidara 5 y\u0131l spor yapt\u0131ktan sonra ba\u015f\u00f6rt\u00fcs\u00fc nedeniyle kul\u00fcpte spor yapmay\u0131 b\u0131rakmak zorunda kald\u0131\u011f\u0131n\u0131 belirtti.<\/p>\n<p> Aidara, kul\u00fcpte spor yapmay\u0131 b\u0131rakmas\u0131yla ilgili &#8220;Ba\u015f\u00f6rt\u00fcm\u00fc kar\u015f\u0131la\u015fmalarda takmam yasakland\u0131\u011f\u0131 i\u00e7in b\u0131rakt\u0131m. Bize sunduklar\u0131 tek se\u00e7enek, ba\u015f\u00f6rt\u00fcs\u00fcn\u00fc \u00e7\u0131karmak yahut (basketbol) oynamamakt\u0131. Ben de oynamamaya ve ba\u015f\u00f6rt\u00fcs\u00fc takmaya devam etmeye karar verdim.&#8221; tabirlerini kulland\u0131.<\/p>\n<p> Ball.Her ligi sayesinde ba\u015f\u00f6rt\u00fcl\u00fc ve ba\u015f\u00f6rt\u00fcl\u00fc olmayan bayanlar\u0131n hobi olarak basketbol oynayabildi\u011fini belirten Aidara, bu lig sayesinde her ay spor seans\u0131na kat\u0131labildiklerini kaydetti.<\/p>\n<p> Aidara, spor m\u00fcsabakalar\u0131nda ba\u015f\u00f6rt\u00fcs\u00fcn\u00fc yasaklamay\u0131 \u00f6ng\u00f6ren tasar\u0131 hakk\u0131nda &#8220;Sevdi\u011fimiz sporu oynayabilmek ismine bir\u00e7ok \u015feyi hayata ge\u00e7irmemize kar\u015f\u0131n oynamam\u0131z\u0131 engellemek istediklerini d\u00fc\u015f\u00fcn\u00fcyorum.&#8221; dedi.<\/p>\n<p> Basketbol oynayabilmeleri i\u00e7in spor ba\u015f\u00f6rt\u00fcs\u00fcn\u00fcn tasarland\u0131\u011f\u0131na dikkati \u00e7eken Aidara, &#8220;Buna kar\u015f\u0131n bize yasak koyuyorlar. (Spor ba\u015f\u00f6rt\u00fcs\u00fcn\u00fcn) Nefes almay\u0131 engelleyebilece\u011fi yahut nefesi kesebilece\u011fi bi\u00e7iminde mazeretler \u00fcretiyorlar. Halbuki bu, yanl\u0131\u015fs\u0131z de\u011fil. (Spor ba\u015f\u00f6rt\u00fcs\u00fc) tam da bunun i\u00e7in tasarland\u0131.&#8221; de\u011ferlendirmesini yapt\u0131.<\/p>\n<p><strong>&#8220;Spor yapabilmek i\u00e7in do\u011fdu\u011fum \u00fclkeyi terk etmek istemiyorum&#8221;<\/strong><\/p>\n<p> Aidara, basketbol tutkusuyla ilgili \u015funlar\u0131 s\u00f6yledi:<\/p>\n<p> &#8220;<strong>Yeniden kar\u015f\u0131la\u015fmalarda oynamak isterim zira bu, sevdi\u011fim spor. Spor yapabilmek i\u00e7in do\u011fdu\u011fum \u00fclkeyi terk etmek istemiyorum. (Ba\u015f\u00f6rt\u00fcs\u00fcn\u00fc) Bunu yasaklayan tek \u00fclke olmas\u0131na mana veremiyorum. \u00d6teki \u00fclkeler bunu yasaklam\u0131yor lakin Fransa&#8217;da oynayabilmek i\u00e7in \u00e7\u0131karman gerekiyor. Bu, mant\u0131kl\u0131 de\u011fil. Bu kural\u0131 yine ele almalar\u0131 ve oynamam\u0131za m\u00fcsaade vermelerini isterim.&#8221;<\/strong><\/p>\n<p> Ba\u015f\u00f6rt\u00fcs\u00fc ve sevdi\u011fi spor ortas\u0131nda tercih yapmak zorunda kalan arkada\u015flar\u0131na \u015fahit oldu\u011funu belirten Aidara,<strong> &#8220;Hobi olarak oynamaya devam ediyorum ve (arkada\u015flar\u0131ma) pes etmemelerini s\u00f6ylemek isterim zira bu, bir yasa ve \u015fayet devam ederek pes etmezsek bu maddeyi y\u00fcr\u00fcrl\u00fckten kald\u0131rmay\u0131 ba\u015farabiliriz.&#8221;<\/strong> diye konu\u015ftu.<\/p>\n<p> Aidara, sporun s\u0131hhate g\u00fczel geldi\u011fini vurgulayarak &#8220;Bedenimiz i\u00e7in uygun olan bir \u015feyi yapmam\u0131z engellenemez.&#8221; dedi.<\/p>\n<p><strong>&#8220;Basketbolu al\u0131rsan\u0131z, elimde pek bir \u015fey kalmaz&#8221;<\/strong><\/p>\n<p> Ball.Her liginin kurucusu 27 ya\u015f\u0131ndaki ba\u015f\u00f6rt\u00fcl\u00fc Frans\u0131z basketbolcu Salimata Sylla, 11 ya\u015f\u0131nda ba\u015flad\u0131\u011f\u0131 basketbola 16 y\u0131ld\u0131r devam etti\u011fini anlatt\u0131.<\/p>\n<p> Sylla, spor m\u00fcsabakalar\u0131nda ba\u015f\u00f6rt\u00fcs\u00fcn\u00fc yasaklamay\u0131 \u00f6ng\u00f6ren tasar\u0131y\u0131 &#8220;sa\u00e7ma&#8221; buldu\u011funun alt\u0131n\u0131 \u00e7izerek &#8220;Dolay\u0131s\u0131yla bayanlar\u0131n ve k\u0131z \u00e7ocuklar\u0131n\u0131n bir k\u0131sm\u0131n\u0131 d\u0131\u015flayarak birlikte ya\u015famaya, (topluma) dahil olmas\u0131na ve k\u0131z \u00e7ocuklar\u0131n\u0131n memnun olmas\u0131na imkan sa\u011flamayacak.&#8221; diye konu\u015ftu.<\/p>\n<p> Basketbolun hayat\u0131n\u0131 de\u011fi\u015ftirdi\u011fini s\u00f6yleyen Sylla, <strong>&#8220;Basketbolla ya\u015f\u0131yorum, arkada\u015flar\u0131m basketbolcu, etraf\u0131m, ailem basketbol ile ilgileniyor. Basketbolu al\u0131rsan\u0131z, elimde pek bir \u015fey kalmaz.&#8221;<\/strong> tabirini kulland\u0131.<\/p>\n<p> Sylla, bu tasar\u0131n\u0131n k\u0131z \u00e7ocuklar\u0131 \u00fczerinde y\u0131k\u0131c\u0131 tesirleri oldu\u011funu lisana getirerek &#8220;Bu yasan\u0131n ge\u00e7meyece\u011fini umuyorum zira b\u00fcsb\u00fct\u00fcn ayr\u0131mc\u0131 bir tasar\u0131. Dinimizi se\u00e7me hakk\u0131m\u0131z var, bir sporu se\u00e7me hakk\u0131m\u0131z var ve bu kimseyi etkilemiyor.&#8221; de\u011ferlendirmesinde bulundu.<\/p>\n<p> \u0130nsanlar\u0131n farkl\u0131 olmaya hakk\u0131 oldu\u011funu vurgulayan Sylla, <strong>&#8220;Fark\u0131m\u0131z g\u00fcc\u00fcm\u00fcz\u00fc olu\u015fturuyor. Bu nedenle Frans\u0131z&#8217;\u0131z ve Frans\u0131z olmakla gurur duyuyoruz. Lakin \u015fu anda Frans\u0131z olmaktan utan\u0131yorum.&#8221;<\/strong> diye konu\u015ftu.<\/p>\n<p> Sylla, 2 y\u0131ld\u0131r kul\u00fcpte basketbol oynamaktan men edildi\u011fini, art\u0131k Fransa&#8217;da rastgele bir kar\u015f\u0131la\u015fmaya kat\u0131lma hakk\u0131 olmad\u0131\u011f\u0131n\u0131 belirtti.<\/p>\n<p> Basketbol bran\u015f\u0131nda art\u0131k Fransa&#8217;da ba\u015f\u00f6rt\u00fcl\u00fc M\u00fcsl\u00fcman k\u0131z \u00e7ocuklar\u0131n\u0131n bir kul\u00fcbe kay\u0131t olamad\u0131\u011f\u0131n\u0131 ve kar\u015f\u0131la\u015fmaya kat\u0131lamad\u0131\u011f\u0131n\u0131 anlatan Sylla, <strong>&#8220;Bu, \u00e7\u0131lg\u0131nca. Spor yapmak milletleraras\u0131 bir hak.&#8221;<\/strong> s\u00f6zlerini kulland\u0131.<\/p>\n<p> Sylla, kendi tercihiyle 5 y\u0131l evvel ba\u015f\u00f6rt\u00fcs\u00fc takmaya ba\u015flad\u0131\u011f\u0131n\u0131 anlatarak, \u015funlar\u0131 kaydetti:<\/p>\n<p> <strong>&#8220;Kul\u00fcpte oynamam\u0131 istemiyorsan\u0131z, sorun yok. Hem dinimi ve hem de sporumu se\u00e7ebilmek i\u00e7in masraf kendi ligimi kurup oynar\u0131m. Kimse gelip bana, her \u015feyden daha fazla sevdi\u011fim basketbolu &#8216;Oynayamazs\u0131n.&#8217; diyemez. Bu, kelam konusu olamaz.&#8221;<\/strong><\/p>\n<p> <strong>Fransa&#8217;da ba\u015f\u00f6rt\u00fcs\u00fc yasa\u011f\u0131<\/strong><\/p>\n<p> Fransa&#8217;da kamu \u00e7al\u0131\u015fanlar\u0131na y\u00f6nelik ba\u015f\u00f6rt\u00fcs\u00fc yasa\u011f\u0131, 2004&#8217;ten itibaren birinci ve orta\u00f6\u011fretim d\u00fczeyindeki \u00f6\u011frenciler i\u00e7in de uygulanmaya ba\u015fland\u0131.<\/p>\n<p> \u00dclkede veli olarak okul seyahatlerine kat\u0131lan annelere de ba\u015f\u00f6rt\u00fcs\u00fc yasa\u011f\u0131n\u0131n uygulanmas\u0131, vakit zaman Parlamentonun g\u00fcndemine getirildi fakat kabul edilmedi.<\/p>\n<\/div>\n<p><\/p>\n","protected":false},"excerpt":{"rendered":"<p>Fransa&#8217;daki ba\u015f\u00f6rt\u00fcl\u00fc basketbolcular \u00f6zg\u00fcrce sporlar\u0131na devam etmek istiyorlar.<\/p>\n","protected":false},"author":1,"featured_media":23333,"comment_status":"open","ping_status":"open","sticky":false,"template":"","format":"standard","meta":{"footnotes":""},"categories":[10],"tags":[468,2196,65,2197,2195],"class_list":["post-23332","post","type-post","status-publish","format-standard","has-post-thumbnail","hentry","category-basketbol","tag-basketbol","tag-basortusu","tag-spor","tag-sylla","tag-yasa"],"_links":{"self":[{"href":"https:\/\/haberbesiktas.tr\/index.php?rest_route=\/wp\/v2\/posts\/23332","targetHints":{"allow":["GET"]}}],"collection":[{"href":"https:\/\/haberbesiktas.tr\/index.php?rest_route=\/wp\/v2\/posts"}],"about":[{"href":"https:\/\/haberbesiktas.tr\/index.php?rest_route=\/wp\/v2\/types\/post"}],"author":[{"embeddable":true,"href":"https:\/\/haberbesiktas.tr\/index.php?rest_route=\/wp\/v2\/users\/1"}],"replies":[{"embeddable":true,"href":"https:\/\/haberbesiktas.tr\/index.php?rest_route=%2Fwp%2Fv2%2Fcomments&post=23332"}],"version-history":[{"count":1,"href":"https:\/\/haberbesiktas.tr\/index.php?rest_route=\/wp\/v2\/posts\/23332\/revisions"}],"predecessor-version":[{"id":23334,"href":"https:\/\/haberbesiktas.tr\/index.php?rest_route=\/wp\/v2\/posts\/23332\/revisions\/23334"}],"wp:featuredmedia":[{"embeddable":true,"href":"https:\/\/haberbesiktas.tr\/index.php?rest_route=\/wp\/v2\/media\/23333"}],"wp:attachment":[{"href":"https:\/\/haberbesiktas.tr\/index.php?rest_route=%2Fwp%2Fv2%2Fmedia&parent=23332"}],"wp:term":[{"taxonomy":"category","embeddable":true,"href":"https:\/\/haberbesiktas.tr\/index.php?rest_route=%2Fwp%2Fv2%2Fcategories&post=23332"},{"taxonomy":"post_tag","embeddable":true,"href":"https:\/\/haberbesiktas.tr\/index.php?rest_route=%2Fwp%2Fv2%2Ftags&post=23332"}],"curies":[{"name":"wp","href":"https:\/\/api.w.org\/{rel}","templated":true}]}}