{"id":23338,"date":"2025-04-24T22:12:08","date_gmt":"2025-04-24T22:12:08","guid":{"rendered":"https:\/\/haberbesiktas.tr\/?p=23338"},"modified":"2025-04-24T22:12:08","modified_gmt":"2025-04-24T22:12:08","slug":"milli-tenisci-zeynep-sonmez-merida-acik-turnuvasinda-2-tura-cikti","status":"publish","type":"post","link":"https:\/\/haberbesiktas.tr\/?p=23338","title":{"rendered":"Milli tenis\u00e7i Zeynep S\u00f6nmez, Merida A\u00e7\u0131k Turnuvas\u0131&#8217;nda 2. tura \u00e7\u0131kt\u0131"},"content":{"rendered":"<div> Zeynep S\u00f6nmez, Meksika&#8217;da d\u00fczenlenen Merida A\u00e7\u0131k Bayanlar Tenis Turnuvas\u0131&#8217;nda 8 numaral\u0131 seriba\u015f\u0131 Yunan Maria Sakkari&#8217;yi 2-0 yenerek 2. tipe y\u00fckseldi.<\/p>\n<p> Klasman\u0131n 88. basama\u011f\u0131ndaki Zeynep, Merida kentindeki &#8220;sert kort&#8221; turnuvas\u0131n\u0131n birinci tipinde d\u00fcnya 30 numaras\u0131 Sakkari ile kar\u015f\u0131la\u015ft\u0131.<\/p>\n<p> Merida A\u00e7\u0131k&#8217;ta ge\u00e7en d\u00f6nem mesle\u011finin birinci WTA turnuvas\u0131 \u015fampiyonlu\u011funu elde eden 22 ya\u015f\u0131ndaki ulusal tenis\u00e7i, alandan 7-5 ve 6-2&#8217;lik setlerle galip ayr\u0131ld\u0131.<\/p>\n<p> Zeynep, WTA 250&#8217;den 500 seviyesine bu y\u0131l y\u00fckseltilen tertibin 2. tipinde d\u00fcnya 37&#8217;ncisi Magda Linette&#8217;in kar\u015f\u0131s\u0131na \u00e7\u0131kacak.<\/p><\/div>\n","protected":false},"excerpt":{"rendered":"<p>Zeynep S\u00f6nmez, Meksika&#8217;da d\u00fczenlenen Merida A\u00e7\u0131k Bayanlar Tenis Turnuvas\u0131&#8217;nda 2. cinse \u00e7\u0131kt\u0131<\/p>\n","protected":false},"author":1,"featured_media":23339,"comment_status":"open","ping_status":"open","sticky":false,"template":"","format":"standard","meta":{"footnotes":""},"categories":[38],"tags":[],"class_list":["post-23338","post","type-post","status-publish","format-standard","has-post-thumbnail","hentry","category-tenis"],"_links":{"self":[{"href":"https:\/\/haberbesiktas.tr\/index.php?rest_route=\/wp\/v2\/posts\/23338","targetHints":{"allow":["GET"]}}],"collection":[{"href":"https:\/\/haberbesiktas.tr\/index.php?rest_route=\/wp\/v2\/posts"}],"about":[{"href":"https:\/\/haberbesiktas.tr\/index.php?rest_route=\/wp\/v2\/types\/post"}],"author":[{"embeddable":true,"href":"https:\/\/haberbesiktas.tr\/index.php?rest_route=\/wp\/v2\/users\/1"}],"replies":[{"embeddable":true,"href":"https:\/\/haberbesiktas.tr\/index.php?rest_route=%2Fwp%2Fv2%2Fcomments&post=23338"}],"version-history":[{"count":1,"href":"https:\/\/haberbesiktas.tr\/index.php?rest_route=\/wp\/v2\/posts\/23338\/revisions"}],"predecessor-version":[{"id":23340,"href":"https:\/\/haberbesiktas.tr\/index.php?rest_route=\/wp\/v2\/posts\/23338\/revisions\/23340"}],"wp:featuredmedia":[{"embeddable":true,"href":"https:\/\/haberbesiktas.tr\/index.php?rest_route=\/wp\/v2\/media\/23339"}],"wp:attachment":[{"href":"https:\/\/haberbesiktas.tr\/index.php?rest_route=%2Fwp%2Fv2%2Fmedia&parent=23338"}],"wp:term":[{"taxonomy":"category","embeddable":true,"href":"https:\/\/haberbesiktas.tr\/index.php?rest_route=%2Fwp%2Fv2%2Fcategories&post=23338"},{"taxonomy":"post_tag","embeddable":true,"href":"https:\/\/haberbesiktas.tr\/index.php?rest_route=%2Fwp%2Fv2%2Ftags&post=23338"}],"curies":[{"name":"wp","href":"https:\/\/api.w.org\/{rel}","templated":true}]}}