{"id":23344,"date":"2025-04-24T22:36:06","date_gmt":"2025-04-24T22:36:06","guid":{"rendered":"https:\/\/haberbesiktas.tr\/?p=23344"},"modified":"2025-04-24T22:36:06","modified_gmt":"2025-04-24T22:36:06","slug":"harrison-mavericksi-luka-doncic-uzerine-kurmak-istemedi","status":"publish","type":"post","link":"https:\/\/haberbesiktas.tr\/?p=23344","title":{"rendered":"Harrison, Mavericks&#8217;i Luka Doncic \u00fczerine kurmak &#8220;istemedi&#8221;"},"content":{"rendered":"<div>Dallas Mavericks, Luka Doncic&#8217;i takas edip yerine Anthony Davis&#8217;i alarak b\u00fcy\u00fck tenkitlere maruz kald\u0131. Lakin art\u0131k, bu ata\u011f\u0131n perde gerisindeki nedenler ortaya \u00e7\u0131kmaya ba\u015flad\u0131.<\/p>\n<p> The Stein Line&#8217;\u0131n NBA analisti Marc Stein&#8217;in haberine nazaran, Mavericks genel menajeri Harrison, grubun art\u0131k Doncic merkezli olmamas\u0131n\u0131 istiyordu:<\/p>\n<p> <strong>&#8220;Lig kaynaklar\u0131ndan gelen s\u00f6ylentilere nazaran, Dallas&#8217;\u0131n karar vericileri \u2013 bilhassa GM Nico Harrison \u2013 Mavericks&#8217;in art\u0131k Doncic etraf\u0131nda d\u00f6nmesini istemiyordu ve onu en ge\u00e7 bu yaz takas etmeye kararl\u0131yd\u0131.&#8221;<\/strong><\/p>\n<p> Mavericks idaresi, Doncic&#8217;in \u00e7al\u0131\u015fma disiplini ve fizik\u00ee kondisyonundan mutlu de\u011fildi ve onlara nazaran vakit i\u00e7inde Doncic&#8217;in liderlik ve savunma mevzular\u0131ndaki eksiklikleri daha besbelli hale geldi.<\/p>\n<p> Harrison hi\u00e7bir vakit Doncic&#8217;i resmi olarak takas blo\u011funa koymasa da, onu art\u0131k &#8220;dokunulmaz&#8221; olarak g\u00f6rm\u00fcyordu. Bu durum, Lakers&#8217;a tarihi bir at\u0131l\u0131m yapma f\u0131rsat\u0131 sundu.<\/p>\n<p> Harrison ve Lakers GM&#8217;i Rob Pelinka, haftalar s\u00fcren sakl\u0131 g\u00f6r\u00fc\u015fmelerin akabinde b\u00fcy\u00fck takas muahedesini tamamlad\u0131. B\u00f6ylelikle Dallas, 25 ya\u015f\u0131ndaki s\u00fcperstar\u0131n\u0131 savunma uzman\u0131 Anthony Davis ile takas etti.<\/p>\n<\/div>\n<p><\/p>\n","protected":false},"excerpt":{"rendered":"<p>Dallas Mavericks, Luka Doncic&#8217;i takas edip yerine Anthony Davis&#8217;i alarak b\u00fcy\u00fck tenkitlere maruz kald\u0131. Lakin art\u0131k, bu at\u0131l\u0131m\u0131n perde gerisindeki nedenler ortaya \u00e7\u0131kmaya ba\u015flad\u0131.<\/p>\n","protected":false},"author":1,"featured_media":23345,"comment_status":"open","ping_status":"open","sticky":false,"template":"","format":"standard","meta":{"footnotes":""},"categories":[10],"tags":[1389,140],"class_list":["post-23344","post","type-post","status-publish","format-standard","has-post-thumbnail","hentry","category-basketbol","tag-doncic","tag-takas"],"_links":{"self":[{"href":"https:\/\/haberbesiktas.tr\/index.php?rest_route=\/wp\/v2\/posts\/23344","targetHints":{"allow":["GET"]}}],"collection":[{"href":"https:\/\/haberbesiktas.tr\/index.php?rest_route=\/wp\/v2\/posts"}],"about":[{"href":"https:\/\/haberbesiktas.tr\/index.php?rest_route=\/wp\/v2\/types\/post"}],"author":[{"embeddable":true,"href":"https:\/\/haberbesiktas.tr\/index.php?rest_route=\/wp\/v2\/users\/1"}],"replies":[{"embeddable":true,"href":"https:\/\/haberbesiktas.tr\/index.php?rest_route=%2Fwp%2Fv2%2Fcomments&post=23344"}],"version-history":[{"count":1,"href":"https:\/\/haberbesiktas.tr\/index.php?rest_route=\/wp\/v2\/posts\/23344\/revisions"}],"predecessor-version":[{"id":23346,"href":"https:\/\/haberbesiktas.tr\/index.php?rest_route=\/wp\/v2\/posts\/23344\/revisions\/23346"}],"wp:featuredmedia":[{"embeddable":true,"href":"https:\/\/haberbesiktas.tr\/index.php?rest_route=\/wp\/v2\/media\/23345"}],"wp:attachment":[{"href":"https:\/\/haberbesiktas.tr\/index.php?rest_route=%2Fwp%2Fv2%2Fmedia&parent=23344"}],"wp:term":[{"taxonomy":"category","embeddable":true,"href":"https:\/\/haberbesiktas.tr\/index.php?rest_route=%2Fwp%2Fv2%2Fcategories&post=23344"},{"taxonomy":"post_tag","embeddable":true,"href":"https:\/\/haberbesiktas.tr\/index.php?rest_route=%2Fwp%2Fv2%2Ftags&post=23344"}],"curies":[{"name":"wp","href":"https:\/\/api.w.org\/{rel}","templated":true}]}}