{"id":23353,"date":"2025-04-24T23:12:05","date_gmt":"2025-04-24T23:12:05","guid":{"rendered":"https:\/\/haberbesiktas.tr\/?p=23353"},"modified":"2025-04-24T23:12:05","modified_gmt":"2025-04-24T23:12:05","slug":"begum-yucel-hedefimiz-euroleaguede-oynayan-3-turk-takimi-olmak","status":"publish","type":"post","link":"https:\/\/haberbesiktas.tr\/?p=23353","title":{"rendered":"Beg\u00fcm Y\u00fccel: &#8220;Hedefimiz, EuroLeague&#8217;de oynayan 3. T\u00fcrk tak\u0131m\u0131 olmak&#8221;"},"content":{"rendered":"<div>Bah\u00e7e\u015fehir Koleji Basketbol Ekibi i\u00e7in haz\u0131rlanan reklam sinemas\u0131n\u0131n tan\u0131t\u0131m\u0131 yap\u0131ld\u0131.<\/p>\n<p> Sinan Fazilet Spor Salonu&#8217;nda tan\u0131t\u0131m nedeniyle ger\u00e7ekle\u015ftirilen bas\u0131n toplant\u0131s\u0131na kul\u00fcp ba\u015fkan\u0131 Beg\u00fcm Y\u00fccel, ba\u015fantren\u00f6r Dejan Radonjic, ABD&#8217;li oyuncu Tyler Cavanaugh ile ulusal basketbolcular \u015eehmus Hazer, Furkan Korkmaz ve Kenan Sipahi kat\u0131ld\u0131.<\/p>\n<p> Beg\u00fcm Y\u00fccel, yapt\u0131\u011f\u0131 a\u00e7\u0131klamada, d\u00f6nem ba\u015f\u0131nda koyduklar\u0131 maksada ad\u0131m ad\u0131m ilerlediklerini belirterek, &#8220;THY Euroleague&#8217;de u\u011fra\u015f eden \u00fc\u00e7\u00fcnc\u00fc T\u00fcrk ekibi olma hayalimizden bahsetmi\u015ftik. Art\u0131k bu bizim i\u00e7in hayal de\u011fil ama\u00e7. BKT Avrupa Kupas\u0131&#8217;nda \u00e7eyrek finali garantiledik. K\u00fcmesi muvaffakiyetle bitirdik. Elde etti\u011fimiz muvaffakiyetlerde \u00fclkemizin yeti\u015ftirdi\u011fi k\u0131ymetli oyuncular\u0131n katk\u0131s\u0131 \u00e7ok b\u00fcy\u00fck.&#8221; tabirlerini kulland\u0131.\u00a0<\/p>\n<p> Kurulma emellerinin T\u00fcrk basketboluna de\u011ferli oyuncular yeti\u015ftirmek oldu\u011funu vurgulayan Y\u00fccel, &#8220;Bjelica ile T\u00fcrk oyuncular\u0131na olabildi\u011fince yer vermekten bahsetmi\u015ftik. Bunu ger\u00e7ekle\u015ftirmenin gururunu ya\u015f\u0131yoruz. En \u00e2l\u00e2 T\u00fcrk oyuncular bizim kul\u00fcb\u00fcm\u00fczde.&#8221; bi\u00e7iminde konu\u015ftu.<\/p>\n<p> <strong>Radonjic: &#8220;G\u00fcn g\u00fcn ilerleyerek maksad\u0131m\u0131za ula\u015fmay\u0131 istiyoruz&#8221;<\/strong><\/p>\n<p> Bah\u00e7e\u015fehir Koleji Ba\u015fantren\u00f6r\u00fc Dejan Radonjic, tak\u0131mda kaliteli yerli oyuncular\u0131 bulundurmalar\u0131n\u0131n ehemmiyetini vurgulad\u0131.<\/p>\n<p> Yeterli bir ekip olduklar\u0131n\u0131 aktaran S\u0131rp \u00e7al\u0131\u015ft\u0131r\u0131c\u0131, &#8220;Bu kadar kaliteli yerli oyuncular\u0131 toplamak \u00e7ok kolay de\u011fil. T\u00fcrk oyuncular\u0131 oynatmak \u00e7ok de\u011ferli. Bilhassa \u015eehmus Hazer \u00e7ok de\u011ferli i\u015fler yapt\u0131. K\u0131ymetli bir oyuncu oldu\u011funu g\u00f6sterdi. G\u00fcn g\u00fcn ilerleyerek maksad\u0131m\u0131za ula\u015fmay\u0131 istiyoruz. Avrupa Kupas\u0131&#8217;nda ola\u011fan d\u00f6nemi birinci bitirdik. Oyuncular\u0131m\u0131n g\u00f6sterdikleri performanstan \u00f6t\u00fcr\u00fc \u00e7ok memnunum. \u00c7eyrek finale 15 g\u00fcn var. Bu vakti g\u00fczel bi\u00e7imde de\u011ferlendirip haz\u0131rlanmak istiyoruz. Kendimize odaklanmal\u0131y\u0131z.&#8221; diye g\u00f6r\u00fc\u015f belirtti.<\/p>\n<p> <strong>Furkan Korkmaz: &#8220;Bah\u00e7e\u015fehir Koleji benim i\u00e7in d\u00f6n\u00fcm noktas\u0131 olacak&#8221;<\/strong><\/p>\n<p> Ulusal basketbolcu Furkan Korkmaz, d\u00f6nemin kalan k\u0131sm\u0131nda \u00e7ok daha d\u00fczg\u00fcn bir performans sergileyece\u011fine inand\u0131\u011f\u0131n\u0131 kaydetti.<\/p>\n<p> Ya\u015fad\u0131\u011f\u0131 sakatl\u0131klar\u0131 nedeniyle son birka\u00e7 d\u00f6neme istedi\u011fi ba\u015flang\u0131c\u0131 yapamad\u0131\u011f\u0131n\u0131 aktaran Furkan, &#8220;Bah\u00e7e\u015fehir Koleji benim i\u00e7in d\u00f6n\u00fcm noktas\u0131 olacak. Vakte gereksinimim vard\u0131. \u0130ki ay oldu. \u00c7ok daha \u00e2l\u00e2 bir Furkan izletece\u011fim. Kritik ma\u00e7lar yakla\u015f\u0131yor. \u00c7\u0131k\u0131p, oynay\u0131p kazanmal\u0131y\u0131z. Bu da heyecan verici.&#8221; dedi.<\/p>\n<p> <strong>\u015eehmus Hazer: &#8220;\u0130yi bir d\u00f6nem ge\u00e7iriyorum&#8221;<\/strong><\/p>\n<p> Ulusal oyuncu \u015eehmus Hazer, d\u00f6nem ba\u015f\u0131nda transfer oldu\u011fu Bah\u00e7e\u015fehir Koleji&#8217;ne ahenk sa\u011flad\u0131\u011f\u0131n\u0131 belirterek, &#8220;\u0130yi bir d\u00f6nem ge\u00e7iriyorum. Bunu bekliyordum. Yeni bir ortam ve be\u015ferler, ba\u015flang\u0131\u00e7ta kolay de\u011fildi. Kul\u00fcb\u00fcn ama\u00e7lar\u0131 ve benim emellerim \u00f6rt\u00fc\u015f\u00fcnce elimden geleni yapt\u0131m. Daha \u00e2l\u00e2 devam edece\u011fini umut ediyorum.&#8221; de\u011ferlendirmesinde bulundu.<\/p>\n<p> <strong>Kenan Sipahi: &#8220;Organizasyon olarak T\u00fcrkiye&#8217;nin en uygununa geldi\u011fim i\u00e7in \u015fansl\u0131y\u0131m&#8221;<\/strong><\/p>\n<p> Ulusal basketbolcu Kenan Sipahi, Bah\u00e7e\u015fehir Koleji&#8217;ne transfer oldu\u011fu i\u00e7in memnun oldu\u011funu lisana getirerek, buras\u0131n\u0131n kendisi i\u00e7in en uygun kadro oldu\u011funu belirtti.<\/p>\n<p> Kar\u015f\u0131yaka&#8217;dan ayr\u0131ld\u0131ktan sonra Bah\u00e7e\u015fehir Koleji Sportif Y\u00f6neticisi Nemanja Bjelica ile g\u00f6r\u00fc\u015ft\u00fc\u011f\u00fcn\u00fcn alt\u0131n\u0131 \u00e7izen Kenan, &#8220;Yaz\u0131n da g\u00f6r\u00fc\u015fmemiz olmu\u015ftu. Bu ekibe uyaca\u011f\u0131m\u0131 ve en g\u00fczel performans\u0131 ortaya koyabilece\u011fim bir grup olaca\u011f\u0131n\u0131 konu\u015fuyorduk. Her \u015fey \u00e7ok s\u00fcratli geli\u015fti. Transferin son g\u00fcn\u00fcnde bu t\u00fcrl\u00fc bir karar verdim. Bu tertibin T\u00fcrkiye&#8217;nin en g\u00fczellerinden biri oldu\u011funu d\u00fc\u015f\u00fcn\u00fcyorum ve burada oldu\u011fum i\u00e7in \u015fansl\u0131y\u0131m. Ailem ve benim i\u00e7in en uygun yer oldu\u011funu d\u00fc\u015f\u00fcn\u00fcyorum. \u0130n\u015fallah Bah\u00e7e\u015fehir Koleji&#8217;nin hak etti\u011fi ba\u015far\u0131lara ula\u015fmas\u0131na yard\u0131mc\u0131 olurum.&#8221; s\u00f6zlerini kulland\u0131.<\/p>\n<p> Bah\u00e7e\u015fehir Koleji&#8217;nin ABD&#8217;li oyuncusu Cavanaugh ise \u00e7ok g\u00fczel bir ekip olduklar\u0131n\u0131 vurgulayarak, &#8220;Harika bir ekip kuruldu. Ola\u011fan d\u00f6nemi \u00f6nder bitirdik. B\u00fcy\u00fck bir muvaffakiyet elde ettik. Finali d\u00fc\u015f\u00fcnmek i\u00e7in erken. G\u00fcn g\u00fcn gitmeye \u00e7al\u0131\u015f\u0131yoruz. Umar\u0131m finale ula\u015f\u0131p o g\u00fcnleri de g\u00f6r\u00fcr\u00fcz.&#8221; diye konu\u015ftu.<\/p>\n<\/div>\n<p><\/p>\n","protected":false},"excerpt":{"rendered":"<p>Beg\u00fcm Y\u00fccel, yapt\u0131\u011f\u0131 a\u00e7\u0131klamada, d\u00f6nem ba\u015f\u0131nda koyduklar\u0131 gayeye ad\u0131m ad\u0131m ilerlediklerini belirterek, Euroleague&#8217;de \u00e7aba etmenin tek gayeleri oldu\u011funu s\u00f6yledi.<\/p>\n","protected":false},"author":1,"featured_media":23354,"comment_status":"open","ping_status":"open","sticky":false,"template":"","format":"standard","meta":{"footnotes":""},"categories":[10],"tags":[2199,107,49,57,52],"class_list":["post-23353","post","type-post","status-publish","format-standard","has-post-thumbnail","hentry","category-basketbol","tag-bahcesehir-koleji","tag-gun","tag-oyuncu","tag-sezon","tag-takim"],"_links":{"self":[{"href":"https:\/\/haberbesiktas.tr\/index.php?rest_route=\/wp\/v2\/posts\/23353","targetHints":{"allow":["GET"]}}],"collection":[{"href":"https:\/\/haberbesiktas.tr\/index.php?rest_route=\/wp\/v2\/posts"}],"about":[{"href":"https:\/\/haberbesiktas.tr\/index.php?rest_route=\/wp\/v2\/types\/post"}],"author":[{"embeddable":true,"href":"https:\/\/haberbesiktas.tr\/index.php?rest_route=\/wp\/v2\/users\/1"}],"replies":[{"embeddable":true,"href":"https:\/\/haberbesiktas.tr\/index.php?rest_route=%2Fwp%2Fv2%2Fcomments&post=23353"}],"version-history":[{"count":1,"href":"https:\/\/haberbesiktas.tr\/index.php?rest_route=\/wp\/v2\/posts\/23353\/revisions"}],"predecessor-version":[{"id":23355,"href":"https:\/\/haberbesiktas.tr\/index.php?rest_route=\/wp\/v2\/posts\/23353\/revisions\/23355"}],"wp:featuredmedia":[{"embeddable":true,"href":"https:\/\/haberbesiktas.tr\/index.php?rest_route=\/wp\/v2\/media\/23354"}],"wp:attachment":[{"href":"https:\/\/haberbesiktas.tr\/index.php?rest_route=%2Fwp%2Fv2%2Fmedia&parent=23353"}],"wp:term":[{"taxonomy":"category","embeddable":true,"href":"https:\/\/haberbesiktas.tr\/index.php?rest_route=%2Fwp%2Fv2%2Fcategories&post=23353"},{"taxonomy":"post_tag","embeddable":true,"href":"https:\/\/haberbesiktas.tr\/index.php?rest_route=%2Fwp%2Fv2%2Ftags&post=23353"}],"curies":[{"name":"wp","href":"https:\/\/api.w.org\/{rel}","templated":true}]}}