{"id":23366,"date":"2025-04-25T00:00:07","date_gmt":"2025-04-25T00:00:07","guid":{"rendered":"https:\/\/haberbesiktas.tr\/?p=23366"},"modified":"2025-04-25T00:00:07","modified_gmt":"2025-04-25T00:00:07","slug":"fenerbahce-kaptaniyla-bir-sezon-daha-istiyor","status":"publish","type":"post","link":"https:\/\/haberbesiktas.tr\/?p=23366","title":{"rendered":"Fenerbah\u00e7e, kaptan\u0131yla bir sezon daha istiyor!"},"content":{"rendered":"<div>Fenerbah\u00e7e, grubun kaptan\u0131 Edin Dzeko&#8217;ya, 2026 yaz\u0131na kadar s\u00fcrecek yeni bir kontrat \u00f6nerecek.\u00a0<\/p>\n<p>\u0130talyan gazeteci Nicolo Schira&#8217;n\u0131n haberine nazaran, Fenerbah\u00e7e i<span>le Dzeko&#8217;nun menajeri Alessandro Lucci ortas\u0131nda \u00f6n\u00fcm\u00fczdeki haftalarda mukavele g\u00f6r\u00fc\u015fmeleri ger\u00e7ekle\u015ftirilecek.<\/p>\n<p><strong>PERFORMANSI<\/strong><\/p>\n<p>Bir ay sonra 39 ya\u015f\u0131na dolduracak olan Bosnal\u0131 y\u0131ld\u0131z, bu d\u00f6nem Fenerbah\u00e7e formas\u0131yla \u00e7\u0131kt\u0131\u011f\u0131 38 ma\u00e7ta 19 gol, 7 asistlik performans sergiledi.<\/span><\/div>\n<p><\/p>\n","protected":false},"excerpt":{"rendered":"<p>Fenerbah\u00e7e, Edin Dzeko&#8217;ya 2026 yaz\u0131na kadar s\u00fcrecek yeni bir kontrat \u00f6nerecek.<\/p>\n","protected":false},"author":1,"featured_media":23367,"comment_status":"open","ping_status":"open","sticky":false,"template":"","format":"standard","meta":{"footnotes":""},"categories":[25],"tags":[],"class_list":["post-23366","post","type-post","status-publish","format-standard","has-post-thumbnail","hentry","category-futbol"],"_links":{"self":[{"href":"https:\/\/haberbesiktas.tr\/index.php?rest_route=\/wp\/v2\/posts\/23366","targetHints":{"allow":["GET"]}}],"collection":[{"href":"https:\/\/haberbesiktas.tr\/index.php?rest_route=\/wp\/v2\/posts"}],"about":[{"href":"https:\/\/haberbesiktas.tr\/index.php?rest_route=\/wp\/v2\/types\/post"}],"author":[{"embeddable":true,"href":"https:\/\/haberbesiktas.tr\/index.php?rest_route=\/wp\/v2\/users\/1"}],"replies":[{"embeddable":true,"href":"https:\/\/haberbesiktas.tr\/index.php?rest_route=%2Fwp%2Fv2%2Fcomments&post=23366"}],"version-history":[{"count":1,"href":"https:\/\/haberbesiktas.tr\/index.php?rest_route=\/wp\/v2\/posts\/23366\/revisions"}],"predecessor-version":[{"id":23368,"href":"https:\/\/haberbesiktas.tr\/index.php?rest_route=\/wp\/v2\/posts\/23366\/revisions\/23368"}],"wp:featuredmedia":[{"embeddable":true,"href":"https:\/\/haberbesiktas.tr\/index.php?rest_route=\/wp\/v2\/media\/23367"}],"wp:attachment":[{"href":"https:\/\/haberbesiktas.tr\/index.php?rest_route=%2Fwp%2Fv2%2Fmedia&parent=23366"}],"wp:term":[{"taxonomy":"category","embeddable":true,"href":"https:\/\/haberbesiktas.tr\/index.php?rest_route=%2Fwp%2Fv2%2Fcategories&post=23366"},{"taxonomy":"post_tag","embeddable":true,"href":"https:\/\/haberbesiktas.tr\/index.php?rest_route=%2Fwp%2Fv2%2Ftags&post=23366"}],"curies":[{"name":"wp","href":"https:\/\/api.w.org\/{rel}","templated":true}]}}