{"id":23375,"date":"2025-04-25T00:36:09","date_gmt":"2025-04-25T00:36:09","guid":{"rendered":"https:\/\/haberbesiktas.tr\/?p=23375"},"modified":"2025-04-25T00:36:09","modified_gmt":"2025-04-25T00:36:09","slug":"drogbadan-galatasaraya-jose-mourinho-irkci-olamaz","status":"publish","type":"post","link":"https:\/\/haberbesiktas.tr\/?p=23375","title":{"rendered":"Drogba&#8217;dan Galatasaray&#8217;a; &#8220;Jose Mourinho \u0131rk\u00e7\u0131 olamaz&#8221;"},"content":{"rendered":"<div>Galatasaray&#8217;\u0131n Fenerbah\u00e7e Teknik Y\u00f6neticisi Jose Mourinho&#8217;ya \u0131rk\u00e7\u0131l\u0131kla su\u00e7lamas\u0131n\u0131n akabinde, Portekizli teknik adam\u0131n Chelsea&#8217;den \u00f6\u011frencileri olan Didier Drogba ve Michael Essien, toplumsal medyadan payla\u015f\u0131m yapt\u0131.<\/p>\n<p> Futbolculuk mesle\u011finde Galatasaray&#8217;da forma giyen Didier Drogba, sar\u0131-k\u0131rm\u0131z\u0131l\u0131 toplulu\u011fa y\u00f6nelik bildirisinde &#8220;<strong>Sevgili Galatasaray,<\/strong> s<strong>ar\u0131-k\u0131rm\u0131z\u0131l\u0131 formay\u0131 giymenin benim i\u00e7in ne kadar gurur verici oldu\u011funu ve T\u00fcrkiye&#8217;nin en \u00e7ok kupa kazanan kul\u00fcb\u00fcne olan sevgimi biliyorsunuz. Rekabetlerin ne kadar tutkulu ve hararetli olabilece\u011fini hepimiz biliyoruz ve ben bunu deneyimleyecek kadar \u015fansl\u0131yd\u0131m. Son vakitlerde Jose Mourinho hakk\u0131nda yap\u0131lan yorumlar\u0131 g\u00f6rd\u00fcm. Bana inanc\u0131n, Jose&#8217;yi y\u0131llard\u0131r tan\u0131yorum ve o bir \u0131rk\u00e7\u0131 de\u011fil; tarih bunu kan\u0131tl\u0131yor.<\/strong>&#8221; s\u00f6zlerini kulland\u0131.<\/p>\n<p> Drogba a\u00e7\u0131klamas\u0131n\u0131 <strong>&#8220;Ma\u00e7lar\u0131m\u0131za odaklanal\u0131m, aslanlar\u0131m\u0131z\u0131 destekleyelim ve ligi kazanarak 5. y\u0131ld\u0131z\u0131m\u0131z\u0131 takal\u0131m. &#8216;Babam&#8217; nas\u0131l \u0131rk\u00e7\u0131 olabilir?<\/strong>&#8221; kelamlar\u0131yla tamamlad\u0131.<\/p>\n<p> \u00d6te yandan Michael Essien, toplumsal medya hesab\u0131ndan Jose Mourinho ile foto\u011fraf\u0131n\u0131 kalp emojileriyle payla\u015ft\u0131.<\/p>\n<p><img decoding=\"async\" src=\"https:\/\/haberbesiktas.tr\/wp-content\/uploads\/2025\/04\/drogbadan-galatasaraya-jose-mourinho-irkci-olamaz-0-Qyhdg8wQ.jpg\"\/><\/p>\n<\/div>\n<p><\/p>\n","protected":false},"excerpt":{"rendered":"<p>Didier Drogba, Galatasaray&#8217;a y\u00f6nelik payla\u015f\u0131m\u0131nda Jose Mourinho&#8217;nun \u0131rk\u00e7\u0131 biri olmad\u0131\u011f\u0131na y\u00f6nelik payla\u015f\u0131m yapt\u0131.<\/p>\n","protected":false},"author":1,"featured_media":23376,"comment_status":"open","ping_status":"open","sticky":false,"template":"","format":"standard","meta":{"footnotes":""},"categories":[25],"tags":[],"class_list":["post-23375","post","type-post","status-publish","format-standard","has-post-thumbnail","hentry","category-futbol"],"_links":{"self":[{"href":"https:\/\/haberbesiktas.tr\/index.php?rest_route=\/wp\/v2\/posts\/23375","targetHints":{"allow":["GET"]}}],"collection":[{"href":"https:\/\/haberbesiktas.tr\/index.php?rest_route=\/wp\/v2\/posts"}],"about":[{"href":"https:\/\/haberbesiktas.tr\/index.php?rest_route=\/wp\/v2\/types\/post"}],"author":[{"embeddable":true,"href":"https:\/\/haberbesiktas.tr\/index.php?rest_route=\/wp\/v2\/users\/1"}],"replies":[{"embeddable":true,"href":"https:\/\/haberbesiktas.tr\/index.php?rest_route=%2Fwp%2Fv2%2Fcomments&post=23375"}],"version-history":[{"count":1,"href":"https:\/\/haberbesiktas.tr\/index.php?rest_route=\/wp\/v2\/posts\/23375\/revisions"}],"predecessor-version":[{"id":23378,"href":"https:\/\/haberbesiktas.tr\/index.php?rest_route=\/wp\/v2\/posts\/23375\/revisions\/23378"}],"wp:featuredmedia":[{"embeddable":true,"href":"https:\/\/haberbesiktas.tr\/index.php?rest_route=\/wp\/v2\/media\/23376"}],"wp:attachment":[{"href":"https:\/\/haberbesiktas.tr\/index.php?rest_route=%2Fwp%2Fv2%2Fmedia&parent=23375"}],"wp:term":[{"taxonomy":"category","embeddable":true,"href":"https:\/\/haberbesiktas.tr\/index.php?rest_route=%2Fwp%2Fv2%2Fcategories&post=23375"},{"taxonomy":"post_tag","embeddable":true,"href":"https:\/\/haberbesiktas.tr\/index.php?rest_route=%2Fwp%2Fv2%2Ftags&post=23375"}],"curies":[{"name":"wp","href":"https:\/\/api.w.org\/{rel}","templated":true}]}}