{"id":23486,"date":"2025-04-25T07:36:06","date_gmt":"2025-04-25T07:36:06","guid":{"rendered":"https:\/\/haberbesiktas.tr\/?p=23486"},"modified":"2025-04-25T07:36:06","modified_gmt":"2025-04-25T07:36:06","slug":"arsenal-yavas-yavas-dagiliyor","status":"publish","type":"post","link":"https:\/\/haberbesiktas.tr\/?p=23486","title":{"rendered":"Arsenal yava\u015f yava\u015f da\u011f\u0131l\u0131yor"},"content":{"rendered":"<div>Premier Lig&#8217;in 27. haftas\u0131nda Nuno Espirito Santo&#8217;nun tak\u0131m\u0131 Nottingham Forest ile Mikel Arteta&#8217;n\u0131n idaresindeki Arsenal 0-0 berabere kald\u0131.<\/p>\n<p> The City Ground&#8217;da oynanan ma\u00e7ta iki kadronun da etkisiz performanslar\u0131 sonras\u0131 puanlar payla\u015f\u0131ld\u0131 ve iki grup de alandan birer puanla ayr\u0131ld\u0131.<\/p>\n<p> Bu sonu\u00e7la birlikte ligdeki son 2 ma\u00e7\u0131nda 5 puan kaybeden Arsenal 54 puana ula\u015f\u0131rken, 3 ma\u00e7t\u0131r kazanamayan Nottingham Forest 48 puana y\u00fckseldi.<\/p>\n<p> Ligin bir sonraki ma\u00e7 haftas\u0131nda Nottingham Forest konutunda Manchester City&#8217;yi a\u011f\u0131rlarken, Arsenal deplasmanda Manchester United ile kar\u015f\u0131la\u015facak.<\/p>\n<\/div>\n<p><\/p>\n","protected":false},"excerpt":{"rendered":"<p>Premier Lig&#8217;in 27. haftas\u0131nda Nottingham Forest ile Arsenal 0-0 berabere kald\u0131.<\/p>\n","protected":false},"author":1,"featured_media":23487,"comment_status":"open","ping_status":"open","sticky":false,"template":"","format":"standard","meta":{"footnotes":""},"categories":[25],"tags":[],"class_list":["post-23486","post","type-post","status-publish","format-standard","has-post-thumbnail","hentry","category-futbol"],"_links":{"self":[{"href":"https:\/\/haberbesiktas.tr\/index.php?rest_route=\/wp\/v2\/posts\/23486","targetHints":{"allow":["GET"]}}],"collection":[{"href":"https:\/\/haberbesiktas.tr\/index.php?rest_route=\/wp\/v2\/posts"}],"about":[{"href":"https:\/\/haberbesiktas.tr\/index.php?rest_route=\/wp\/v2\/types\/post"}],"author":[{"embeddable":true,"href":"https:\/\/haberbesiktas.tr\/index.php?rest_route=\/wp\/v2\/users\/1"}],"replies":[{"embeddable":true,"href":"https:\/\/haberbesiktas.tr\/index.php?rest_route=%2Fwp%2Fv2%2Fcomments&post=23486"}],"version-history":[{"count":1,"href":"https:\/\/haberbesiktas.tr\/index.php?rest_route=\/wp\/v2\/posts\/23486\/revisions"}],"predecessor-version":[{"id":23488,"href":"https:\/\/haberbesiktas.tr\/index.php?rest_route=\/wp\/v2\/posts\/23486\/revisions\/23488"}],"wp:featuredmedia":[{"embeddable":true,"href":"https:\/\/haberbesiktas.tr\/index.php?rest_route=\/wp\/v2\/media\/23487"}],"wp:attachment":[{"href":"https:\/\/haberbesiktas.tr\/index.php?rest_route=%2Fwp%2Fv2%2Fmedia&parent=23486"}],"wp:term":[{"taxonomy":"category","embeddable":true,"href":"https:\/\/haberbesiktas.tr\/index.php?rest_route=%2Fwp%2Fv2%2Fcategories&post=23486"},{"taxonomy":"post_tag","embeddable":true,"href":"https:\/\/haberbesiktas.tr\/index.php?rest_route=%2Fwp%2Fv2%2Ftags&post=23486"}],"curies":[{"name":"wp","href":"https:\/\/api.w.org\/{rel}","templated":true}]}}