{"id":23495,"date":"2025-04-25T08:12:08","date_gmt":"2025-04-25T08:12:08","guid":{"rendered":"https:\/\/haberbesiktas.tr\/?p=23495"},"modified":"2025-04-25T08:12:08","modified_gmt":"2025-04-25T08:12:08","slug":"gaziantep-fk-fenerbahce-muhtemel-11ler","status":"publish","type":"post","link":"https:\/\/haberbesiktas.tr\/?p=23495","title":{"rendered":"Gaziantep FK &#8211; Fenerbah\u00e7e: Muhtemel 11&#8217;ler"},"content":{"rendered":"<div>Fenerbah\u00e7e, Ziraat T\u00fcrkiye Kupas\u0131 B K\u00fcmesi 3. ve son hafta ma\u00e7\u0131nda deplasmanda Gaziantep FK ile kar\u015f\u0131 kar\u015f\u0131ya gelecek. Gayret A Spor&#8217;dan yay\u0131nlanacak.<\/p>\n<p> Gaziantep Stad\u0131&#8217;nda oynanacak ve saat 16.00&#8217;da ba\u015flayacak kar\u015f\u0131la\u015fmay\u0131 hakem Yasin Kol y\u00f6netecek.<\/p>\n<p> K\u00fcmesinde birinci ma\u00e7\u0131nda deplasmanda Kas\u0131mpa\u015fa&#8217;y\u0131 3-0 ile ge\u00e7en Fenerbah\u00e7e, ikinci kar\u015f\u0131la\u015fmas\u0131nda da alan\u0131nda Erzurumspor FK&#8217;yi 5-0 ma\u011flup etmi\u015fti.<\/p>\n<p> Sar\u0131-lacivertliler, 2 ma\u00e7ta toplad\u0131\u011f\u0131 6 puanla k\u00fcmesinde averajla ba\u015fkan durumda bulunuyor.<\/p>\n<p> K\u00fcmenin birinci ma\u00e7\u0131nda \u0130stanbulspor&#8217;u 4-0 ma\u011flup eden Gaziantep FK, ikinci ma\u00e7ta ise deplasmanda G\u00f6ztepe&#8217;ye 1-0 ma\u011flup oldu.<\/p>\n<p> K\u0131rm\u0131z\u0131-siyahl\u0131lar, 2 ma\u00e7ta toplad\u0131\u011f\u0131 3 puanla k\u00fcmesinde averaj ile 3. s\u0131rada bulunuyor.<\/p>\n<p> <strong>MUHTEMEL 11&#8217;LER<\/strong><\/p>\n<p> Gaziantep FK: Burak, Viana, Arda, Husic, Sorescu, Kozlowski, N&#8217;Diaye, Maxim, Lungoyi, Okereke, Halil.<\/p>\n<p> Fenerbah\u00e7e: \u0130rfan Can, Mert M\u00fcld\u00fcr, \u00c7a\u011flar, Yusuf, Osayi-Samuel, Mert Hakan, Szymanski, Saint-Maximin, \u0130rfan Can, Talisca, Cenk.<\/p>\n<p><img decoding=\"async\" src=\"https:\/\/haberbesiktas.tr\/wp-content\/uploads\/2025\/04\/gaziantep-fk-fenerbahce-muhtemel-11ler-0-A9fmxDpx.jpg\"\/><\/p>\n<p> <strong>ROTASYON<\/strong><\/p>\n<p> Fenerbah\u00e7e Teknik Y\u00f6neticisi Jose Mourinho, a\u011f\u0131r ma\u00e7 program\u0131 sebebiyle futbolcular\u0131 dinlendirmek ismine Gaziantep FK deplasman\u0131nda rotasyonlu bir tak\u0131m tercihinde bulunacak.<\/p>\n<p> Lig ma\u00e7lar\u0131nda fazla baht bulamayan futbolcular\u0131n \u00e7abada birinci 11&#8217;de olmas\u0131 bekleniyor.<\/p>\n<p> <strong>6 EKS\u0130K<\/strong><\/p>\n<p> Sar\u0131-lacivertlilerde sakatl\u0131klar\u0131 bulunan Diego Carlos, Rodrigo Becao, Jayden Oosterwolde ve \u0130smail Y\u00fcksek&#8217;in yan\u0131 s\u0131ra Dominik Livakovic, Levent Mercan ve Sofyan Amrabat, kamp tak\u0131m\u0131nda yer almad\u0131.<\/p>\n<p> Fenerbah\u00e7e&#8217;nin Gaziantep FK ma\u00e7\u0131 kamp tak\u0131m\u0131nda \u015fu futbolcular bulunuyor:<\/p>\n<p> \u0130rfan Can E\u011fribayat, Ertu\u011frul \u00c7etin, Engin Can Biterge, Bright Osayi-Samuel, Mert M\u00fcld\u00fcr, Burak Kapacak, \u00c7a\u011flar S\u00f6y\u00fcnc\u00fc, Milan Skriniar, Yusuf Ak\u00e7i\u00e7ek, Fred, Mert Hakan Yanda\u015f, \u0130rfan Can Kahveci, Sebastian Szymanski, O\u011fuz Ayd\u0131n, Filip Kostic, Dusan Tadic, Anderson Talisca, Allan Saint-Maximin, Edin Dzeko, Youssef En-Nesyri, Cenk Tosun<\/p>\n<\/div>\n<p><\/p>\n","protected":false},"excerpt":{"rendered":"<p>Fenerbah\u00e7e, Ziraat T\u00fcrkiye Kupas\u0131 B K\u00fcmesi 3. ve son hafta ma\u00e7\u0131nda deplasmanda Gaziantep FK ile kar\u015f\u0131 kar\u015f\u0131ya gelecek.<\/p>\n","protected":false},"author":1,"featured_media":23496,"comment_status":"open","ping_status":"open","sticky":false,"template":"","format":"standard","meta":{"footnotes":""},"categories":[25],"tags":[115,76,50],"class_list":["post-23495","post","type-post","status-publish","format-standard","has-post-thumbnail","hentry","category-futbol","tag-fenerbahce","tag-gaziantep-fk","tag-mac"],"_links":{"self":[{"href":"https:\/\/haberbesiktas.tr\/index.php?rest_route=\/wp\/v2\/posts\/23495","targetHints":{"allow":["GET"]}}],"collection":[{"href":"https:\/\/haberbesiktas.tr\/index.php?rest_route=\/wp\/v2\/posts"}],"about":[{"href":"https:\/\/haberbesiktas.tr\/index.php?rest_route=\/wp\/v2\/types\/post"}],"author":[{"embeddable":true,"href":"https:\/\/haberbesiktas.tr\/index.php?rest_route=\/wp\/v2\/users\/1"}],"replies":[{"embeddable":true,"href":"https:\/\/haberbesiktas.tr\/index.php?rest_route=%2Fwp%2Fv2%2Fcomments&post=23495"}],"version-history":[{"count":1,"href":"https:\/\/haberbesiktas.tr\/index.php?rest_route=\/wp\/v2\/posts\/23495\/revisions"}],"predecessor-version":[{"id":23498,"href":"https:\/\/haberbesiktas.tr\/index.php?rest_route=\/wp\/v2\/posts\/23495\/revisions\/23498"}],"wp:featuredmedia":[{"embeddable":true,"href":"https:\/\/haberbesiktas.tr\/index.php?rest_route=\/wp\/v2\/media\/23496"}],"wp:attachment":[{"href":"https:\/\/haberbesiktas.tr\/index.php?rest_route=%2Fwp%2Fv2%2Fmedia&parent=23495"}],"wp:term":[{"taxonomy":"category","embeddable":true,"href":"https:\/\/haberbesiktas.tr\/index.php?rest_route=%2Fwp%2Fv2%2Fcategories&post=23495"},{"taxonomy":"post_tag","embeddable":true,"href":"https:\/\/haberbesiktas.tr\/index.php?rest_route=%2Fwp%2Fv2%2Ftags&post=23495"}],"curies":[{"name":"wp","href":"https:\/\/api.w.org\/{rel}","templated":true}]}}