{"id":23502,"date":"2025-04-25T08:36:06","date_gmt":"2025-04-25T08:36:06","guid":{"rendered":"https:\/\/haberbesiktas.tr\/?p=23502"},"modified":"2025-04-25T08:36:06","modified_gmt":"2025-04-25T08:36:06","slug":"kenan-yildiz-kacirdi-juventus-elendi","status":"publish","type":"post","link":"https:\/\/haberbesiktas.tr\/?p=23502","title":{"rendered":"Kenan Y\u0131ld\u0131z ka\u00e7\u0131rd\u0131, Juventus elendi"},"content":{"rendered":"<div>\u0130talya Kupas\u0131 \u00e7eyrek finalinde Thiago Motta&#8217;n\u0131n grubu Juventus, ola\u011fan m\u00fchleti 1-1 biten ma\u00e7ta penalt\u0131larda Roberto D&#8217;Aversa&#8217;n\u0131n idaresindeki Empoli&#8217;ye 4-2 yenilerek kupadan elendi.<\/p>\n<p> Allianz Stadyumu&#8217;nda oynanan ma\u00e7\u0131n birinci gol\u00fcn\u00fc konuk tak\u0131m Empoli ismine 24. dakikada Youssef Maleh kaydederken, Juventus&#8217;un gol\u00fcn\u00fc 66. dakikada Khephren Thuram kaydetti.<\/p>\n<p> Penalt\u0131 at\u0131\u015flar\u0131nda ise Empoli, Juventus&#8217;a 4-2&#8217;lik \u00fcst\u00fcnl\u00fck kurdu ve yar\u0131 finalde Bologna ile e\u015fle\u015fen taraf oldu. Juventus ise kupaya veda etti.<\/p>\n<p> Juventus&#8217;ta Kenan Y\u0131ld\u0131z 54. dakikada oyuna dahil olurken penalt\u0131 at\u0131\u015flar\u0131nda Dusan Vlahovic ile birlikte penalt\u0131 ka\u00e7\u0131ran iki isimden birisi oldu.<\/p>\n<\/div>\n<p><\/p>\n","protected":false},"excerpt":{"rendered":"<p>\u0130talya Kupas\u0131 \u00e7eyrek finalinde Juventus, ola\u011fan m\u00fchleti 1-1 biten ma\u00e7ta penalt\u0131larda Empoli&#8217;ye 4-2 yenilerek kupadan elendi.<\/p>\n","protected":false},"author":1,"featured_media":23503,"comment_status":"open","ping_status":"open","sticky":false,"template":"","format":"standard","meta":{"footnotes":""},"categories":[25],"tags":[548],"class_list":["post-23502","post","type-post","status-publish","format-standard","has-post-thumbnail","hentry","category-futbol","tag-juventus"],"_links":{"self":[{"href":"https:\/\/haberbesiktas.tr\/index.php?rest_route=\/wp\/v2\/posts\/23502","targetHints":{"allow":["GET"]}}],"collection":[{"href":"https:\/\/haberbesiktas.tr\/index.php?rest_route=\/wp\/v2\/posts"}],"about":[{"href":"https:\/\/haberbesiktas.tr\/index.php?rest_route=\/wp\/v2\/types\/post"}],"author":[{"embeddable":true,"href":"https:\/\/haberbesiktas.tr\/index.php?rest_route=\/wp\/v2\/users\/1"}],"replies":[{"embeddable":true,"href":"https:\/\/haberbesiktas.tr\/index.php?rest_route=%2Fwp%2Fv2%2Fcomments&post=23502"}],"version-history":[{"count":1,"href":"https:\/\/haberbesiktas.tr\/index.php?rest_route=\/wp\/v2\/posts\/23502\/revisions"}],"predecessor-version":[{"id":23504,"href":"https:\/\/haberbesiktas.tr\/index.php?rest_route=\/wp\/v2\/posts\/23502\/revisions\/23504"}],"wp:featuredmedia":[{"embeddable":true,"href":"https:\/\/haberbesiktas.tr\/index.php?rest_route=\/wp\/v2\/media\/23503"}],"wp:attachment":[{"href":"https:\/\/haberbesiktas.tr\/index.php?rest_route=%2Fwp%2Fv2%2Fmedia&parent=23502"}],"wp:term":[{"taxonomy":"category","embeddable":true,"href":"https:\/\/haberbesiktas.tr\/index.php?rest_route=%2Fwp%2Fv2%2Fcategories&post=23502"},{"taxonomy":"post_tag","embeddable":true,"href":"https:\/\/haberbesiktas.tr\/index.php?rest_route=%2Fwp%2Fv2%2Ftags&post=23502"}],"curies":[{"name":"wp","href":"https:\/\/api.w.org\/{rel}","templated":true}]}}