{"id":23518,"date":"2025-04-25T09:36:06","date_gmt":"2025-04-25T09:36:06","guid":{"rendered":"https:\/\/haberbesiktas.tr\/?p=23518"},"modified":"2025-04-25T09:36:06","modified_gmt":"2025-04-25T09:36:06","slug":"kerem-ve-orkunlu-benfica-portekiz-kupasinda-yari-finalde","status":"publish","type":"post","link":"https:\/\/haberbesiktas.tr\/?p=23518","title":{"rendered":"Kerem ve Orkun&#8217;lu Benfica, Portekiz Kupas\u0131&#8217;nda yar\u0131 finalde!"},"content":{"rendered":"<div><span><span>Portekiz Kupas\u0131 \u00e7eyrek final ma\u00e7\u0131nda Benfica, Braga&#8217;y\u0131 konuk etti.\u00a0<\/p>\n<p>Estadio da Luz&#8217;da oynanan \u00e7abay\u0131 konut sahibi 1-0 kazand\u0131.\u00a0<\/p>\n<p>Benfica&#8217;ya galibiyeti getiren gol\u00fc\u00a0<\/span><\/span>39. dakikada <strong>Vangelis Pavlidis<\/strong> kaydetti.\u00a0<\/p>\n<p>Bu sonu\u00e7la birlikte Benfica, ismini yar\u0131 finale yazd\u0131rd\u0131. Braga ise kupaya veda eden kadro oldu.\u00a0<\/p>\n<p><strong>KEREM VE ORKUN B\u0130R\u0130NC\u0130 11&#8217;DE BA\u015eLADI<\/strong><\/p>\n<p>\u00d6te yandan Benfica&#8217;da forma giyen ulusal futbolcular\u0131m\u0131z <strong>Kerem Akt\u00fcrko\u011flu<\/strong> ve <strong>Orkun K\u00f6k\u00e7\u00fc<\/strong>, gayrete birinci 11&#8217;de ba\u015flad\u0131.<\/p>\n<p><span>Orkun K\u00f6k\u00e7\u00fc, ma\u00e7\u0131n tamam\u0131nda alanda kal\u0131rken Kerem Akt\u00fcrko\u011flu, 90+2. dakikada oyundan al\u0131nd\u0131.<\/span><\/div>\n<p><\/p>\n","protected":false},"excerpt":{"rendered":"<p>Portekiz Kupas\u0131 \u00e7eyrek final ma\u00e7\u0131nda Benfica, konuk etti\u011fi Braga&#8217;y\u0131 1-0 ma\u011flup etti ve yar\u0131 finale y\u00fckseldi.<\/p>\n","protected":false},"author":1,"featured_media":23519,"comment_status":"open","ping_status":"open","sticky":false,"template":"","format":"standard","meta":{"footnotes":""},"categories":[25],"tags":[],"class_list":["post-23518","post","type-post","status-publish","format-standard","has-post-thumbnail","hentry","category-futbol"],"_links":{"self":[{"href":"https:\/\/haberbesiktas.tr\/index.php?rest_route=\/wp\/v2\/posts\/23518","targetHints":{"allow":["GET"]}}],"collection":[{"href":"https:\/\/haberbesiktas.tr\/index.php?rest_route=\/wp\/v2\/posts"}],"about":[{"href":"https:\/\/haberbesiktas.tr\/index.php?rest_route=\/wp\/v2\/types\/post"}],"author":[{"embeddable":true,"href":"https:\/\/haberbesiktas.tr\/index.php?rest_route=\/wp\/v2\/users\/1"}],"replies":[{"embeddable":true,"href":"https:\/\/haberbesiktas.tr\/index.php?rest_route=%2Fwp%2Fv2%2Fcomments&post=23518"}],"version-history":[{"count":1,"href":"https:\/\/haberbesiktas.tr\/index.php?rest_route=\/wp\/v2\/posts\/23518\/revisions"}],"predecessor-version":[{"id":23520,"href":"https:\/\/haberbesiktas.tr\/index.php?rest_route=\/wp\/v2\/posts\/23518\/revisions\/23520"}],"wp:featuredmedia":[{"embeddable":true,"href":"https:\/\/haberbesiktas.tr\/index.php?rest_route=\/wp\/v2\/media\/23519"}],"wp:attachment":[{"href":"https:\/\/haberbesiktas.tr\/index.php?rest_route=%2Fwp%2Fv2%2Fmedia&parent=23518"}],"wp:term":[{"taxonomy":"category","embeddable":true,"href":"https:\/\/haberbesiktas.tr\/index.php?rest_route=%2Fwp%2Fv2%2Fcategories&post=23518"},{"taxonomy":"post_tag","embeddable":true,"href":"https:\/\/haberbesiktas.tr\/index.php?rest_route=%2Fwp%2Fv2%2Ftags&post=23518"}],"curies":[{"name":"wp","href":"https:\/\/api.w.org\/{rel}","templated":true}]}}