{"id":23533,"date":"2025-04-25T10:36:06","date_gmt":"2025-04-25T10:36:06","guid":{"rendered":"https:\/\/haberbesiktas.tr\/?p=23533"},"modified":"2025-04-25T10:36:06","modified_gmt":"2025-04-25T10:36:06","slug":"besiktasa-sol-bek-mujdesi","status":"publish","type":"post","link":"https:\/\/haberbesiktas.tr\/?p=23533","title":{"rendered":"Be\u015fikta\u015f&#8217;a sol bek m\u00fcjdesi!"},"content":{"rendered":"<div>\n<p>Yeni d\u00f6nemde g\u00fc\u00e7l\u00fc bir tak\u0131m kurmay\u0131 hedefleyen Be\u015fikta\u015f, transfer \u00e7al\u0131\u015fmalar\u0131na s\u00fcrat verdi. Siyah-beyazl\u0131lar, en az \u00fc\u00e7 b\u00f6lgeye destek yapmay\u0131 planlarken, \u00f6ncelikli maksatlar ortas\u0131nda bir kanat oyuncusu, sol bek ve santrfor bulunuyor. <\/p>\n<p>Sezon sonunda kontrat\u0131 bitecek olan Masuaku&#8217;nun y\u00fckselen formu idaresi d\u00fc\u015f\u00fcnd\u00fcrse de Be\u015fikta\u015f, alternatif isimler \u00fczerinde de \u00e7al\u0131\u015fmalar\u0131n\u0131 s\u00fcrd\u00fcr\u00fcyor. Bu do\u011frultuda d\u00f6nem ba\u015f\u0131nda da g\u00fcndeme gelen Nicolas Tagliafico, tekrar transfer listesine al\u0131nd\u0131.<\/p>\n<p><strong>OLUMLU S\u0130NYAL<\/strong><\/p>\n<p>Lyon ile mukavelesi d\u00f6nem sonunda sona erecek olan 32 ya\u015f\u0131ndaki Arjantinli sol bek, Be\u015fikta\u015f&#8217;\u0131n ilgisine olumlu yakla\u015ft\u0131. <\/p>\n<p>Arjantin medyas\u0131ndan TyC Sports&#8217;a konu\u015fan tecr\u00fcbeli futbolcu, meslek planlar\u0131yla ilgili de\u011ferli a\u00e7\u0131klamalarda bulundu. Tagliafico, <strong>&#8220;M\u00fcmk\u00fcn oldu\u011funca uzun m\u00fchlet \u00fcst seviye oyunculara kar\u015f\u0131 ve \u015fampiyonluk \u00e7abas\u0131 veren kadrolarda oynamak istiyorum. \u015eu an i\u00e7in Arjantin&#8217;e d\u00f6nmeyi d\u00fc\u015f\u00fcnm\u00fcyorum. Avrupa&#8217;da mesle\u011fime devam etmek ve m\u00fchlet alabilece\u011fim bir grupta forma giymek istiyorum&#8221;<\/strong> tabirlerini kulland\u0131.<\/p>\n<p>Bu a\u00e7\u0131klamalar, Be\u015fikta\u015f&#8217;\u0131n transferde elini g\u00fc\u00e7lendirirken, siyah-beyazl\u0131lar\u0131n \u00f6n\u00fcm\u00fczdeki g\u00fcnlerde somut ad\u0131mlar atmas\u0131 bekleniyor.<\/p>\n<p><strong>PERFORMANSI<\/strong><\/p>\n<p>Bu d\u00f6nem Lyon formas\u0131yla 21 ma\u00e7a \u00e7\u0131kan Arjantinli, 3 gol ve 1 asistlik performans sergiledi.<\/p>\n<\/div>\n<p><\/p>\n","protected":false},"excerpt":{"rendered":"<p>Be\u015fikta\u015f idaresi, yeni d\u00f6nem i\u00e7in \u00e7al\u0131\u015fmalara ba\u015flad\u0131 ve Arjantinli y\u0131ld\u0131z Nicolas Tagliafico&#8217;yu yine g\u00fcndeme ald\u0131.<\/p>\n","protected":false},"author":1,"featured_media":23534,"comment_status":"open","ping_status":"open","sticky":false,"template":"","format":"standard","meta":{"footnotes":""},"categories":[25],"tags":[57],"class_list":["post-23533","post","type-post","status-publish","format-standard","has-post-thumbnail","hentry","category-futbol","tag-sezon"],"_links":{"self":[{"href":"https:\/\/haberbesiktas.tr\/index.php?rest_route=\/wp\/v2\/posts\/23533","targetHints":{"allow":["GET"]}}],"collection":[{"href":"https:\/\/haberbesiktas.tr\/index.php?rest_route=\/wp\/v2\/posts"}],"about":[{"href":"https:\/\/haberbesiktas.tr\/index.php?rest_route=\/wp\/v2\/types\/post"}],"author":[{"embeddable":true,"href":"https:\/\/haberbesiktas.tr\/index.php?rest_route=\/wp\/v2\/users\/1"}],"replies":[{"embeddable":true,"href":"https:\/\/haberbesiktas.tr\/index.php?rest_route=%2Fwp%2Fv2%2Fcomments&post=23533"}],"version-history":[{"count":1,"href":"https:\/\/haberbesiktas.tr\/index.php?rest_route=\/wp\/v2\/posts\/23533\/revisions"}],"predecessor-version":[{"id":23535,"href":"https:\/\/haberbesiktas.tr\/index.php?rest_route=\/wp\/v2\/posts\/23533\/revisions\/23535"}],"wp:featuredmedia":[{"embeddable":true,"href":"https:\/\/haberbesiktas.tr\/index.php?rest_route=\/wp\/v2\/media\/23534"}],"wp:attachment":[{"href":"https:\/\/haberbesiktas.tr\/index.php?rest_route=%2Fwp%2Fv2%2Fmedia&parent=23533"}],"wp:term":[{"taxonomy":"category","embeddable":true,"href":"https:\/\/haberbesiktas.tr\/index.php?rest_route=%2Fwp%2Fv2%2Fcategories&post=23533"},{"taxonomy":"post_tag","embeddable":true,"href":"https:\/\/haberbesiktas.tr\/index.php?rest_route=%2Fwp%2Fv2%2Ftags&post=23533"}],"curies":[{"name":"wp","href":"https:\/\/api.w.org\/{rel}","templated":true}]}}