{"id":23536,"date":"2025-04-25T10:48:06","date_gmt":"2025-04-25T10:48:06","guid":{"rendered":"https:\/\/haberbesiktas.tr\/?p=23536"},"modified":"2025-04-25T10:48:06","modified_gmt":"2025-04-25T10:48:06","slug":"galatasarayda-korku-tuneli","status":"publish","type":"post","link":"https:\/\/haberbesiktas.tr\/?p=23536","title":{"rendered":"Galatasaray&#8217;da korku t\u00fcneli"},"content":{"rendered":"<div>Derbide Fenerbah\u00e7e ile 0-0 berabere kalan Galatasaray, en yak\u0131n takip\u00e7isiyle 6 puanl\u0131k fark\u0131 korudu ve ikili averaj\u0131 ele ge\u00e7irdi. Birebir vakitte kalan 12 haftada 5 defa deplasmana gidecek ve Trabzonspor ile Be\u015fikta\u015f&#8217;\u0131 meskeninde a\u011f\u0131rlayacak olan Fenerbah\u00e7e&#8217;ye kar\u015f\u0131 ya\u015fayaca\u011f\u0131 fikst\u00fcr zorlu\u011funu da ald\u0131\u011f\u0131 beraberlikle yumu\u015fatt\u0131. S\u00fcper Lig&#8217;de kalan 12 m\u00fcsabakas\u0131n\u0131n 7&#8217;sini deplasmanda oynayacak olan Aslan, s\u0131radaki 5 ma\u00e7\u0131n 4&#8217;\u00fcne d\u0131\u015f alanda \u00e7\u0131kacak.<\/p>\n<p> <strong>M\u0130LL\u0130 ORTA \u00d6NCES\u0130 SON MA\u00c7 MESKEN\u0130NDE ANTALYA&#8217;YLA<\/strong><\/p>\n<p>S\u00fcper Lig&#8217;in 26. haftas\u0131nda Kas\u0131mpa\u015fa&#8217;ya konuk olacak Galatasaray, akabinde Alanyaspor deplasman\u0131na \u00e7\u0131kacak. Mart ortas\u0131ndaki ulusal orta \u00f6ncesinde RAMS Park&#8217;ta Antalyaspor ile kar\u015f\u0131la\u015facak. Sar\u0131-k\u0131rm\u0131z\u0131l\u0131 ekip, daha sonra s\u0131ras\u0131yla ligde birinci 3 i\u00e7in u\u011fra\u015f veren Samsunspor ve Be\u015fikta\u015f&#8217;la d\u0131\u015f alanda oynayacak. <\/p>\n<p>Zorlu fikst\u00fcre kadrosunu haz\u0131rlamaya \u00e7al\u0131\u015fan teknik y\u00f6netici Okan Buruk, 6 puanl\u0131k avantaj\u0131 kaybetmeden ligin son haftalar\u0131na girmek istiyor. Galatasaray \u015fampiyonun belirli olaca\u011f\u0131 may\u0131s ay\u0131nda Trabzonspor ve G\u00f6ztepe&#8217;ye konuk olacak. D\u00f6nemi konutundaki Ba\u015fak\u015fehir ma\u00e7\u0131yla tamamlayacak.<\/p>\n<div>\u00a0<\/div>\n<\/div>\n<p><\/p>\n","protected":false},"excerpt":{"rendered":"<p>Galatasaray&#8217;da ligde kalan 12 m\u00fcsabakan\u0131n 7 tanesi d\u0131\u015f alanda. Cimbom, s\u0131radaki 5 ma\u00e7\u0131n 4&#8217;\u00fcn\u00fc deplasmanda oynayacak.<\/p>\n","protected":false},"author":1,"featured_media":23537,"comment_status":"open","ping_status":"open","sticky":false,"template":"","format":"standard","meta":{"footnotes":""},"categories":[25],"tags":[],"class_list":["post-23536","post","type-post","status-publish","format-standard","has-post-thumbnail","hentry","category-futbol"],"_links":{"self":[{"href":"https:\/\/haberbesiktas.tr\/index.php?rest_route=\/wp\/v2\/posts\/23536","targetHints":{"allow":["GET"]}}],"collection":[{"href":"https:\/\/haberbesiktas.tr\/index.php?rest_route=\/wp\/v2\/posts"}],"about":[{"href":"https:\/\/haberbesiktas.tr\/index.php?rest_route=\/wp\/v2\/types\/post"}],"author":[{"embeddable":true,"href":"https:\/\/haberbesiktas.tr\/index.php?rest_route=\/wp\/v2\/users\/1"}],"replies":[{"embeddable":true,"href":"https:\/\/haberbesiktas.tr\/index.php?rest_route=%2Fwp%2Fv2%2Fcomments&post=23536"}],"version-history":[{"count":1,"href":"https:\/\/haberbesiktas.tr\/index.php?rest_route=\/wp\/v2\/posts\/23536\/revisions"}],"predecessor-version":[{"id":23538,"href":"https:\/\/haberbesiktas.tr\/index.php?rest_route=\/wp\/v2\/posts\/23536\/revisions\/23538"}],"wp:featuredmedia":[{"embeddable":true,"href":"https:\/\/haberbesiktas.tr\/index.php?rest_route=\/wp\/v2\/media\/23537"}],"wp:attachment":[{"href":"https:\/\/haberbesiktas.tr\/index.php?rest_route=%2Fwp%2Fv2%2Fmedia&parent=23536"}],"wp:term":[{"taxonomy":"category","embeddable":true,"href":"https:\/\/haberbesiktas.tr\/index.php?rest_route=%2Fwp%2Fv2%2Fcategories&post=23536"},{"taxonomy":"post_tag","embeddable":true,"href":"https:\/\/haberbesiktas.tr\/index.php?rest_route=%2Fwp%2Fv2%2Ftags&post=23536"}],"curies":[{"name":"wp","href":"https:\/\/api.w.org\/{rel}","templated":true}]}}