{"id":23539,"date":"2025-04-25T11:00:10","date_gmt":"2025-04-25T11:00:10","guid":{"rendered":"https:\/\/haberbesiktas.tr\/?p=23539"},"modified":"2025-04-25T11:00:10","modified_gmt":"2025-04-25T11:00:10","slug":"slavko-vincic-boylesini-hic-gormedim","status":"publish","type":"post","link":"https:\/\/haberbesiktas.tr\/?p=23539","title":{"rendered":"Slavko Vincic: &#8220;B\u00f6ylesini hi\u00e7 g\u00f6rmedim&#8221;"},"content":{"rendered":"<div>T\u00fcrkiye&#8217;nin g\u00fcnlerce konu\u015ftu\u011fu ve konu\u015fmaya da devam etti\u011fi son bir haftan\u0131n \u00f6znesi hi\u00e7 ku\u015fkusuz Slavko Vincic.<\/p>\n<p> Kim bu isim? Galatasaray-Fenerbah\u00e7e derbisinin hakemi. Ma\u00e7 \u00f6ncesi mesle\u011fi, isminin kar\u0131\u015ft\u0131\u011f\u0131 olaylar konu\u015fulan, toplumsal medyada en fazla etkile\u015fim g\u00f6ren Vincic, 5 g\u00fcnde 3 ba\u015fka \u00fclkede ma\u00e7a \u00e7\u0131kt\u0131. 19 \u015eubat&#8217;ta \u015eampiyonlar Ligi&#8217;nde 120 dakika s\u00fcren PSV-Juventus u\u011fra\u015f\u0131n\u0131 y\u00f6neten UEFA&#8217;n\u0131n finalist hakemi, 22 \u015eubat&#8217;ta \u00fclkesi Slovenya&#8217;da Bravo-Koper gayretinde d\u00fcd\u00fck \u00e7ald\u0131. Ve 24 \u015eubat&#8217;ta da Galatasaray-Fenerbah\u00e7e gayretini y\u00f6netim etti.<\/p>\n<p> <strong>&#8220;GER\u0130L\u0130M S\u0130NEMASI G\u0130B\u0130&#8221;<\/strong><br \/><strong>&#8220;BU KADARINA RASTLAMADIM&#8221;<\/strong><\/p>\n<p> Kararlar\u0131, idaresi, otoritesi \u00e7ok konu\u015fuldu ve tart\u0131\u015f\u0131ld\u0131. Pekala Vincic ne hissetti? En \u00e7arp\u0131c\u0131 olay, g\u00fcvenlik \u00f6nlemlerine bak\u0131\u015f\u0131 oldu. Derbide 32 bin 500 polisin misyonlu oldu\u011funu \u00f6\u011frenince b\u00fcy\u00fck \u015fa\u015fk\u0131nl\u0131k ya\u015fayan Vincic, \u0131s\u0131nmaya \u00e7\u0131kt\u0131\u011f\u0131nda stat ve etraf\u0131nda 10 bin 50 vazifelinin oldu\u011funu duydu kulaklar\u0131na inanamad\u0131. Bu \u015fa\u015fk\u0131nl\u0131\u011f\u0131n\u0131 e\u015fiyle telefonda da payla\u015fan Sloven hakemin 2 g\u00fcn evvel y\u00f6netti\u011fi Bravo-Koper ma\u00e7\u0131ndaki biletli seyirci say\u0131s\u0131 450&#8217;ydi. Slavko Vincic&#8217;in derbi atmosferiyle ilgili c\u00fcmleleri <strong>&#8220;Gerilim sinemas\u0131 \u00fczereydi. Bu kadar\u0131na hi\u00e7 rastlamad\u0131m&#8221;<\/strong> oldu.<\/p>\n<\/div>\n<p><\/p>\n","protected":false},"excerpt":{"rendered":"<p>Galatasaray &#8211; Fenerbah\u00e7e derbisinin hakemi Slavko Vincic, derbiyle ilgili birinci defa konu\u015ftu. Vincic, &#8220;Gerilim sinemas\u0131 \u00fczereydi. Bu kadar\u0131na hi\u00e7 rastlamad\u0131m.&#8221; s\u00f6zlerini kulland\u0131.<\/p>\n","protected":false},"author":1,"featured_media":23540,"comment_status":"open","ping_status":"open","sticky":false,"template":"","format":"standard","meta":{"footnotes":""},"categories":[25],"tags":[2046],"class_list":["post-23539","post","type-post","status-publish","format-standard","has-post-thumbnail","hentry","category-futbol","tag-vincic"],"_links":{"self":[{"href":"https:\/\/haberbesiktas.tr\/index.php?rest_route=\/wp\/v2\/posts\/23539","targetHints":{"allow":["GET"]}}],"collection":[{"href":"https:\/\/haberbesiktas.tr\/index.php?rest_route=\/wp\/v2\/posts"}],"about":[{"href":"https:\/\/haberbesiktas.tr\/index.php?rest_route=\/wp\/v2\/types\/post"}],"author":[{"embeddable":true,"href":"https:\/\/haberbesiktas.tr\/index.php?rest_route=\/wp\/v2\/users\/1"}],"replies":[{"embeddable":true,"href":"https:\/\/haberbesiktas.tr\/index.php?rest_route=%2Fwp%2Fv2%2Fcomments&post=23539"}],"version-history":[{"count":1,"href":"https:\/\/haberbesiktas.tr\/index.php?rest_route=\/wp\/v2\/posts\/23539\/revisions"}],"predecessor-version":[{"id":23541,"href":"https:\/\/haberbesiktas.tr\/index.php?rest_route=\/wp\/v2\/posts\/23539\/revisions\/23541"}],"wp:featuredmedia":[{"embeddable":true,"href":"https:\/\/haberbesiktas.tr\/index.php?rest_route=\/wp\/v2\/media\/23540"}],"wp:attachment":[{"href":"https:\/\/haberbesiktas.tr\/index.php?rest_route=%2Fwp%2Fv2%2Fmedia&parent=23539"}],"wp:term":[{"taxonomy":"category","embeddable":true,"href":"https:\/\/haberbesiktas.tr\/index.php?rest_route=%2Fwp%2Fv2%2Fcategories&post=23539"},{"taxonomy":"post_tag","embeddable":true,"href":"https:\/\/haberbesiktas.tr\/index.php?rest_route=%2Fwp%2Fv2%2Ftags&post=23539"}],"curies":[{"name":"wp","href":"https:\/\/api.w.org\/{rel}","templated":true}]}}