{"id":23542,"date":"2025-04-25T11:12:07","date_gmt":"2025-04-25T11:12:07","guid":{"rendered":"https:\/\/haberbesiktas.tr\/?p=23542"},"modified":"2025-04-25T11:12:07","modified_gmt":"2025-04-25T11:12:07","slug":"besiktas-zirveye-kanat-acti","status":"publish","type":"post","link":"https:\/\/haberbesiktas.tr\/?p=23542","title":{"rendered":"Be\u015fikta\u015f, zirveye kanat a\u00e7t\u0131"},"content":{"rendered":"<div>Be\u015fikta\u015f, Ziraat T\u00fcrkiye Kupas\u0131&#8217;nda Antalyaspor&#8217;u ma\u011flup ederek \u00e7eyrek finale y\u00fckselirken, Teknik Y\u00f6netici Ole Gunnar Solskjaer idaresinde \u00e7\u0131k\u0131\u015f\u0131n\u0131 s\u00fcrd\u00fcr\u00fcyor.\u00a0 <\/p>\n<p>558 g\u00fcn sonra birinci defa \u00fcst \u00fcste 5 ma\u00e7 kazanan siyah-beyazl\u0131lar, \u015eubat ay\u0131nda K\u0131rklarelispor, Sivasspor, Trabzonspor, Ey\u00fcpspor ve Antalyaspor&#8217;u ma\u011flup ederek d\u00f6nemin en uzun galibiyet serisini elde etti. Bu seriyle birlikte Be\u015fikta\u015f, 2023 A\u011fustos ay\u0131ndan sonra birinci defa \u00fcst \u00fcste 5 ma\u00e7 kazanman\u0131n sevincini ya\u015fad\u0131.<\/p>\n<p><strong>HEDEF \u00dc\u00c7\u00dcNC\u00dcL\u00dcK<\/strong><\/p>\n<p>Solskjaer&#8217;in geli\u015fiyle y\u00fckseli\u015fe ge\u00e7en Be\u015fikta\u015f, S\u00fcper Lig&#8217;de de tezli bir pozisyona geldi. Son haftalardaki ba\u015far\u0131l\u0131 performans\u0131yla \u00fc\u00e7\u00fcnc\u00fcl\u00fck yar\u0131\u015f\u0131na dahil olan Be\u015fikta\u015f, \u00f6n\u00fcndeki fikst\u00fcrde b\u00fcy\u00fck avantaj yakalad\u0131. <\/p>\n<p>Siyah-beyazl\u0131lar, Kayserispor, Konyaspor ve Galatasaray&#8217;\u0131 meskeninde a\u011f\u0131rlarken, sadece Konyaspor ile deplasmanda kar\u015f\u0131la\u015facak. Cumartesi g\u00fcn\u00fc Kayserispor&#8217;u ma\u011flup etmesi halinde Be\u015fikta\u015f, bu d\u00f6nem birinci kere 4 ma\u00e7l\u0131k bir lig galibiyet serisi yakalayacak.<\/p>\n<p><strong>Z\u0130RVE BE\u015e\u0130KTA\u015e&#8217;A \u00c7ALI\u015eTI<\/strong><\/p>\n<p>Geride kalan haftada Harika Lig&#8217;in tepesinde ya\u015fanan puan kay\u0131plar\u0131 Be\u015fikta\u015f&#8217;a yarad\u0131. Evvel Ey\u00fcpspor&#8217;u yenerek puan fark\u0131n\u0131 kapatan Kartal, Samsunspor&#8217;un yenilgisiyle fark\u0131 5&#8217;e indirdi. <\/p>\n<p>Son olarak \u015fampiyonluk u\u011fra\u015f\u0131 veren iki ezeli rakibin gols\u00fcz berabere kalmas\u0131, siyah-beyazl\u0131lar\u0131 tepe yar\u0131\u015f\u0131nda bir ad\u0131m daha ileriye ta\u015f\u0131d\u0131.<\/p>\n<p><strong>ARA VERMEDEN DEVAM<\/strong><\/p>\n<p>Be\u015fikta\u015f, Trendyol \u00dcst\u00fcn Lig&#8217;in 26. haftas\u0131nda 1 Mart Cumartesi g\u00fcn\u00fc Bellona Kayserispor ile oynayaca\u011f\u0131 ma\u00e7\u0131n haz\u0131rl\u0131klar\u0131na orta vermeden ba\u015flad\u0131. <\/p>\n<p>Nevzat Demir Tesisleri&#8217;nde ger\u00e7ekle\u015ftirilen idmanda, kupa ma\u00e7\u0131nda forma giyen oyuncular rejenerasyon \u00e7al\u0131\u015fmas\u0131 yaparken, \u00f6b\u00fcr futbolcular taktik ve pas tertipleri \u00fczerine \u00e7al\u0131\u015ft\u0131. <\/p>\n<p>\u00c7al\u0131\u015fmalar\u0131n\u0131 a\u011f\u0131r tempoda s\u00fcrd\u00fcren siyah-beyazl\u0131lar, g\u00fcn\u00fc m\u00fcsaadeli olarak tamamlad\u0131.<\/p>\n<\/div>\n<p><\/p>\n","protected":false},"excerpt":{"rendered":"<p>Ziraat T\u00fcrkiye Kupas\u0131&#8217;nda Antalyaspor&#8217;u ma\u011flup ederek \u00e7eyrek finale y\u00fckselen Be\u015fikta\u015f, Teknik Y\u00f6netici Ole Gunnar Solskjaer idaresinde b\u00fcy\u00fck bir ivme yakalad\u0131.<\/p>\n","protected":false},"author":1,"featured_media":23543,"comment_status":"open","ping_status":"open","sticky":false,"template":"","format":"standard","meta":{"footnotes":""},"categories":[25],"tags":[71,50],"class_list":["post-23542","post","type-post","status-publish","format-standard","has-post-thumbnail","hentry","category-futbol","tag-besiktas","tag-mac"],"_links":{"self":[{"href":"https:\/\/haberbesiktas.tr\/index.php?rest_route=\/wp\/v2\/posts\/23542","targetHints":{"allow":["GET"]}}],"collection":[{"href":"https:\/\/haberbesiktas.tr\/index.php?rest_route=\/wp\/v2\/posts"}],"about":[{"href":"https:\/\/haberbesiktas.tr\/index.php?rest_route=\/wp\/v2\/types\/post"}],"author":[{"embeddable":true,"href":"https:\/\/haberbesiktas.tr\/index.php?rest_route=\/wp\/v2\/users\/1"}],"replies":[{"embeddable":true,"href":"https:\/\/haberbesiktas.tr\/index.php?rest_route=%2Fwp%2Fv2%2Fcomments&post=23542"}],"version-history":[{"count":1,"href":"https:\/\/haberbesiktas.tr\/index.php?rest_route=\/wp\/v2\/posts\/23542\/revisions"}],"predecessor-version":[{"id":23544,"href":"https:\/\/haberbesiktas.tr\/index.php?rest_route=\/wp\/v2\/posts\/23542\/revisions\/23544"}],"wp:featuredmedia":[{"embeddable":true,"href":"https:\/\/haberbesiktas.tr\/index.php?rest_route=\/wp\/v2\/media\/23543"}],"wp:attachment":[{"href":"https:\/\/haberbesiktas.tr\/index.php?rest_route=%2Fwp%2Fv2%2Fmedia&parent=23542"}],"wp:term":[{"taxonomy":"category","embeddable":true,"href":"https:\/\/haberbesiktas.tr\/index.php?rest_route=%2Fwp%2Fv2%2Fcategories&post=23542"},{"taxonomy":"post_tag","embeddable":true,"href":"https:\/\/haberbesiktas.tr\/index.php?rest_route=%2Fwp%2Fv2%2Ftags&post=23542"}],"curies":[{"name":"wp","href":"https:\/\/api.w.org\/{rel}","templated":true}]}}