{"id":23545,"date":"2025-04-25T11:24:06","date_gmt":"2025-04-25T11:24:06","guid":{"rendered":"https:\/\/haberbesiktas.tr\/?p=23545"},"modified":"2025-04-25T11:24:06","modified_gmt":"2025-04-25T11:24:06","slug":"edin-dzekodan-fenerbahce-karari","status":"publish","type":"post","link":"https:\/\/haberbesiktas.tr\/?p=23545","title":{"rendered":"Edin Dzeko&#8217;dan Fenerbah\u00e7e karar\u0131!"},"content":{"rendered":"<div>\u0130\u00e7 transferde \u0130rfan Can Kahveci ve \u0130smail Y\u00fcksek ile kontrat yenileyen Fenerbah\u00e7e, g\u00fc\u00e7 dopusu Edin Dzeko ile masaya oturmaya haz\u0131rlan\u0131yor.<\/p>\n<p> Bir ay sonra 39 ya\u015f\u0131na basacak olmas\u0131na kar\u015f\u0131n 19 gol-6 asistlik muazzam performans\u0131yla b\u00fcy\u00fck takdir toplayan Bosnal\u0131 forvetin kontrat\u0131 d\u00f6nem sonunda bitecek. Karakter olarak kadroya a\u011fabeylik de eden Dzeko ile devam etmek isteyen sar\u0131-lacivertli idare, oyuncunun menajeri Alessandro Lucci ile \u00f6n\u00fcm\u00fczdeki haftalarda kontrat g\u00f6r\u00fc\u015fmeleri i\u00e7in bir ortaya gelecek. Fenerbah\u00e7e&#8217;nin, tecr\u00fcbeli y\u0131ld\u0131za 2026 yaz\u0131na kadar s\u00fcrecek yeni bir kontrat teklif edece\u011fi \u00f6\u011frenildi.<\/p>\n<p> <strong>TAKIMDA KALMAK \u0130ST\u0130YOR<\/strong><\/p>\n<p> Sar\u0131-lacivertlilerde ikinci d\u00f6nemini dolduracak Bosnal\u0131 y\u0131ld\u0131z\u0131n, ailesiyle birlikte ya\u015fad\u0131\u011f\u0131 \u0130stanbul&#8217;dan ayr\u0131lmak \u00fczere kan\u0131s\u0131n\u0131n olmad\u0131\u011f\u0131 ve bu teklife s\u0131cak bakt\u0131\u011f\u0131 kaydedildi.<\/p>\n<p> Fenerbah\u00e7e&#8217;de bu d\u00f6nem 38 ma\u00e7ta m\u00fchlet bulan Edin Dzeko, 19 gol att\u0131 ve 7 asist yapt\u0131.<\/p>\n<\/div>\n<p><\/p>\n","protected":false},"excerpt":{"rendered":"<p>Fenerbah\u00e7e&#8217;nin kontrat uzatmay\u0131 planlad\u0131\u011f\u0131 Edin Dzeko, sar\u0131-lacivertli kadroda kalmaya s\u0131cak bak\u0131yor.<\/p>\n","protected":false},"author":1,"featured_media":23546,"comment_status":"open","ping_status":"open","sticky":false,"template":"","format":"standard","meta":{"footnotes":""},"categories":[25],"tags":[],"class_list":["post-23545","post","type-post","status-publish","format-standard","has-post-thumbnail","hentry","category-futbol"],"_links":{"self":[{"href":"https:\/\/haberbesiktas.tr\/index.php?rest_route=\/wp\/v2\/posts\/23545","targetHints":{"allow":["GET"]}}],"collection":[{"href":"https:\/\/haberbesiktas.tr\/index.php?rest_route=\/wp\/v2\/posts"}],"about":[{"href":"https:\/\/haberbesiktas.tr\/index.php?rest_route=\/wp\/v2\/types\/post"}],"author":[{"embeddable":true,"href":"https:\/\/haberbesiktas.tr\/index.php?rest_route=\/wp\/v2\/users\/1"}],"replies":[{"embeddable":true,"href":"https:\/\/haberbesiktas.tr\/index.php?rest_route=%2Fwp%2Fv2%2Fcomments&post=23545"}],"version-history":[{"count":1,"href":"https:\/\/haberbesiktas.tr\/index.php?rest_route=\/wp\/v2\/posts\/23545\/revisions"}],"predecessor-version":[{"id":23547,"href":"https:\/\/haberbesiktas.tr\/index.php?rest_route=\/wp\/v2\/posts\/23545\/revisions\/23547"}],"wp:featuredmedia":[{"embeddable":true,"href":"https:\/\/haberbesiktas.tr\/index.php?rest_route=\/wp\/v2\/media\/23546"}],"wp:attachment":[{"href":"https:\/\/haberbesiktas.tr\/index.php?rest_route=%2Fwp%2Fv2%2Fmedia&parent=23545"}],"wp:term":[{"taxonomy":"category","embeddable":true,"href":"https:\/\/haberbesiktas.tr\/index.php?rest_route=%2Fwp%2Fv2%2Fcategories&post=23545"},{"taxonomy":"post_tag","embeddable":true,"href":"https:\/\/haberbesiktas.tr\/index.php?rest_route=%2Fwp%2Fv2%2Ftags&post=23545"}],"curies":[{"name":"wp","href":"https:\/\/api.w.org\/{rel}","templated":true}]}}