{"id":23551,"date":"2025-04-25T11:48:06","date_gmt":"2025-04-25T11:48:06","guid":{"rendered":"https:\/\/haberbesiktas.tr\/?p=23551"},"modified":"2025-04-25T11:48:06","modified_gmt":"2025-04-25T11:48:06","slug":"fenerbahcede-kovacic-icin-mourinho-faktoru","status":"publish","type":"post","link":"https:\/\/haberbesiktas.tr\/?p=23551","title":{"rendered":"Fenerbah\u00e7e&#8217;de Kovacic i\u00e7in Mourinho fakt\u00f6r\u00fc!"},"content":{"rendered":"<div>Gelecek d\u00f6nemin transfer \u00e7al\u0131\u015fmalar\u0131na \u015fimdiden ba\u015flayan Fenerbah\u00e7e, Manchester City formas\u0131 giyen orta saha oyuncusu Mateo Kovacic ile yak\u0131ndan ilgileniyor.<\/p>\n<p> \u0130ngiliz kul\u00fcb\u00fcyle 2027 y\u0131l\u0131na kadar mukavelesi olan 30 ya\u015f\u0131ndaki orta saha oyuncusunun d\u00f6nem sonunda Manchester City&#8217;den ayr\u0131lmas\u0131 bekleniyor.<\/p>\n<p><strong>MOURINHO FAKT\u00d6R\u00dc<\/strong><\/p>\n<p> Fenerbah\u00e7e Teknik Y\u00f6neticisi Jose Mourinho, Kovacic&#8217;i tak\u0131m\u0131nda g\u00f6rmek istiyor. Portekizli teknik adam, Manchester United&#8217;\u0131 \u00e7al\u0131\u015ft\u0131rd\u0131\u011f\u0131 devirde de H\u0131rvat orta saha oyuncusunu transfer etmek istemi\u015fti. Kovacic ile Fenerbah\u00e7e&#8217;nin yan\u0131 s\u0131ra Atletico Marid de ilgileniyor. Fenerbah\u00e7e, Jose Mourinho fakt\u00f6r\u00fcyle y\u0131ld\u0131z orta saha oyuncusunu ikna etmeyi hedefliyor.<\/p>\n<p> Manchester City&#8217;de bu d\u00f6nem 32 ma\u00e7ta m\u00fcddet bulan Kovavic, 5 gol att\u0131 ve 1 asist yapt\u0131.<\/p>\n<\/div>\n<p><\/p>\n","protected":false},"excerpt":{"rendered":"<p>Fenerbah\u00e7e, Manchester City formas\u0131 giyen Mateo Kovacic ile ilgileniyor. Sar\u0131-lacivertliler, Kovacic&#8217;i Jose Mourinho fakt\u00f6r\u00fc ile ikna etmeyi planl\u0131yor.<\/p>\n","protected":false},"author":1,"featured_media":23552,"comment_status":"open","ping_status":"open","sticky":false,"template":"","format":"standard","meta":{"footnotes":""},"categories":[25],"tags":[],"class_list":["post-23551","post","type-post","status-publish","format-standard","has-post-thumbnail","hentry","category-futbol"],"_links":{"self":[{"href":"https:\/\/haberbesiktas.tr\/index.php?rest_route=\/wp\/v2\/posts\/23551","targetHints":{"allow":["GET"]}}],"collection":[{"href":"https:\/\/haberbesiktas.tr\/index.php?rest_route=\/wp\/v2\/posts"}],"about":[{"href":"https:\/\/haberbesiktas.tr\/index.php?rest_route=\/wp\/v2\/types\/post"}],"author":[{"embeddable":true,"href":"https:\/\/haberbesiktas.tr\/index.php?rest_route=\/wp\/v2\/users\/1"}],"replies":[{"embeddable":true,"href":"https:\/\/haberbesiktas.tr\/index.php?rest_route=%2Fwp%2Fv2%2Fcomments&post=23551"}],"version-history":[{"count":1,"href":"https:\/\/haberbesiktas.tr\/index.php?rest_route=\/wp\/v2\/posts\/23551\/revisions"}],"predecessor-version":[{"id":23553,"href":"https:\/\/haberbesiktas.tr\/index.php?rest_route=\/wp\/v2\/posts\/23551\/revisions\/23553"}],"wp:featuredmedia":[{"embeddable":true,"href":"https:\/\/haberbesiktas.tr\/index.php?rest_route=\/wp\/v2\/media\/23552"}],"wp:attachment":[{"href":"https:\/\/haberbesiktas.tr\/index.php?rest_route=%2Fwp%2Fv2%2Fmedia&parent=23551"}],"wp:term":[{"taxonomy":"category","embeddable":true,"href":"https:\/\/haberbesiktas.tr\/index.php?rest_route=%2Fwp%2Fv2%2Fcategories&post=23551"},{"taxonomy":"post_tag","embeddable":true,"href":"https:\/\/haberbesiktas.tr\/index.php?rest_route=%2Fwp%2Fv2%2Ftags&post=23551"}],"curies":[{"name":"wp","href":"https:\/\/api.w.org\/{rel}","templated":true}]}}