{"id":23554,"date":"2025-04-25T12:00:05","date_gmt":"2025-04-25T12:00:05","guid":{"rendered":"https:\/\/haberbesiktas.tr\/?p=23554"},"modified":"2025-04-25T12:00:05","modified_gmt":"2025-04-25T12:00:05","slug":"solskjaer-buyuk-takim-boyle-olur","status":"publish","type":"post","link":"https:\/\/haberbesiktas.tr\/?p=23554","title":{"rendered":"Solskjaer: &#8220;B\u00fcy\u00fck tak\u0131m b\u00f6yle olur&#8221;"},"content":{"rendered":"<div>Ole Gunnar Solskjaer geldi\u011finden bu yana Be\u015fikta\u015f&#8217;taki de\u011fi\u015fim siyahla beyaz kadar fark edilecek d\u00fczeyde. \u00d6ncelikle \u00e7aba g\u00fcc\u00fcn\u00fc sa\u011flayan, tak\u0131ma nazaran sistem belirleyen, topu daha seri kullanan bir ekip ortaya \u00e7\u0131karan Norve\u00e7li teknik adam\u0131n yeni bir gayesi daha var.<\/p>\n<p> Ba\u015far\u0131l\u0131 teknik adam, oyuncular\u0131ndan skora nazaran tepkisi en yeterli formda vermesini istiyor. Bilhassa skor \u00fcst\u00fcnl\u00fc\u011f\u00fcnde sergilenecek futbol, Solskjaer i\u00e7in \u00f6ncelikli durumda.<\/p>\n<p> Futbolcular\u0131ndan \u00f6ne ge\u00e7ti\u011finde de oyuna h\u00fckmetmesini isteyen Norve\u00e7li teknik adam, <strong>&#8220;Son \u00fc\u00e7 ma\u00e7ta da skorda \u00f6nde oldu\u011funuzda temponuz d\u00fc\u015ft\u00fc. Skoru korumak vitesi d\u00fc\u015f\u00fcrmek manas\u0131na gelmiyor. \u015eayet \u00f6ndeyken tempomuz azal\u0131rsa fark\u0131 art\u0131racak konum bulma baht\u0131m\u0131z azal\u0131r&#8221;<\/strong> dedi.<\/p>\n<p> Ole Gunnar Solskjaer&#8217;in, b\u00fcy\u00fck ekip refleksinde b\u00fcy\u00fck ehemmiyet ta\u015f\u0131d\u0131\u011f\u0131n\u0131 s\u00f6yledi\u011fi bu durum i\u00e7in yard\u0131mc\u0131s\u0131 Erlieng Moe&#8217;dan \u00f6zel \u00e7al\u0131\u015fma haz\u0131rlamas\u0131n\u0131 istedi\u011fi \u00f6\u011frenildi.<\/p>\n<\/div>\n<p><\/p>\n","protected":false},"excerpt":{"rendered":"<p>Be\u015fikta\u015f&#8217;ta futbolcular\u0131ndan \u00f6ne ge\u00e7ti\u011finde de oyuna h\u00fckmetmesini isteyen Ole Gunnar Solskjaer, &#8220;B\u00fcy\u00fck grup kimli\u011fi bu t\u00fcrl\u00fc olu\u015fur.&#8221; dedi.<\/p>\n","protected":false},"author":1,"featured_media":23555,"comment_status":"open","ping_status":"open","sticky":false,"template":"","format":"standard","meta":{"footnotes":""},"categories":[25],"tags":[],"class_list":["post-23554","post","type-post","status-publish","format-standard","has-post-thumbnail","hentry","category-futbol"],"_links":{"self":[{"href":"https:\/\/haberbesiktas.tr\/index.php?rest_route=\/wp\/v2\/posts\/23554","targetHints":{"allow":["GET"]}}],"collection":[{"href":"https:\/\/haberbesiktas.tr\/index.php?rest_route=\/wp\/v2\/posts"}],"about":[{"href":"https:\/\/haberbesiktas.tr\/index.php?rest_route=\/wp\/v2\/types\/post"}],"author":[{"embeddable":true,"href":"https:\/\/haberbesiktas.tr\/index.php?rest_route=\/wp\/v2\/users\/1"}],"replies":[{"embeddable":true,"href":"https:\/\/haberbesiktas.tr\/index.php?rest_route=%2Fwp%2Fv2%2Fcomments&post=23554"}],"version-history":[{"count":1,"href":"https:\/\/haberbesiktas.tr\/index.php?rest_route=\/wp\/v2\/posts\/23554\/revisions"}],"predecessor-version":[{"id":23556,"href":"https:\/\/haberbesiktas.tr\/index.php?rest_route=\/wp\/v2\/posts\/23554\/revisions\/23556"}],"wp:featuredmedia":[{"embeddable":true,"href":"https:\/\/haberbesiktas.tr\/index.php?rest_route=\/wp\/v2\/media\/23555"}],"wp:attachment":[{"href":"https:\/\/haberbesiktas.tr\/index.php?rest_route=%2Fwp%2Fv2%2Fmedia&parent=23554"}],"wp:term":[{"taxonomy":"category","embeddable":true,"href":"https:\/\/haberbesiktas.tr\/index.php?rest_route=%2Fwp%2Fv2%2Fcategories&post=23554"},{"taxonomy":"post_tag","embeddable":true,"href":"https:\/\/haberbesiktas.tr\/index.php?rest_route=%2Fwp%2Fv2%2Ftags&post=23554"}],"curies":[{"name":"wp","href":"https:\/\/api.w.org\/{rel}","templated":true}]}}