{"id":23560,"date":"2025-04-25T12:24:06","date_gmt":"2025-04-25T12:24:06","guid":{"rendered":"https:\/\/haberbesiktas.tr\/?p=23560"},"modified":"2025-04-25T12:24:06","modified_gmt":"2025-04-25T12:24:06","slug":"mauro-icardi-guc-topluyor","status":"publish","type":"post","link":"https:\/\/haberbesiktas.tr\/?p=23560","title":{"rendered":"Mauro Icardi g\u00fc\u00e7 topluyor"},"content":{"rendered":"<div>Galatasaray&#8217;da tedavi s\u00fcrecine devam eden Mauro Icardi taraftarlar\u0131 heyecanland\u0131rd\u0131. Taraftarlar, gelecek d\u00f6nem i\u00e7in Mauro Icardi&#8217;nin d\u00f6n\u00fc\u015f\u00fcn\u00fc d\u00f6rt g\u00f6zle bekliyor.<\/p>\n<p>Arjantinli forvet, Kemerburgaz Metin Oktay Tesisleri&#8217;nde salonda \u00e7al\u0131\u015ft\u0131\u011f\u0131 manzaralar\u0131 toplumsal medya hesab\u0131ndan payla\u015f\u0131rken, <strong>&#8220;\u0130yile\u015fme yolun bir mod\u00fcl\u00fc, ilerlemeye devam ediyoruz. Daha g\u00fc\u00e7l\u00fc olmak i\u00e7in&#8221;<\/strong> notunu d\u00fc\u015ft\u00fc.<br \/> <strong>S\u00d6ZLE\u015eMES\u0130 DONDURULDU<\/strong><\/p>\n<p> Yeni transferler sonras\u0131 kontratl\u0131 15 yabanc\u0131 oyuncusu bulunan Galatasaray da 31 ya\u015f\u0131ndaki forveti S\u00fcper Lig listesinden \u00e7\u0131kard\u0131. Frankowski&#8217;ye yer a\u00e7mak isteyen sar\u0131-k\u0131rm\u0131z\u0131l\u0131 kul\u00fcp, devay\u0131 Icardi&#8217;nin s\u00f6zle\u015fmesini T\u00fcrkiye i\u00e7inde 4 ayl\u0131\u011f\u0131na ask\u0131ya almakta buldu.<\/p>\n<p> <img decoding=\"async\" src=\"https:\/\/haberbesiktas.tr\/wp-content\/uploads\/2025\/04\/mauro-icardi-guc-topluyor-0-XUdDq6nH.jpeg\"\/><\/div>\n<p><\/p>\n","protected":false},"excerpt":{"rendered":"<p>Galatasaray&#8217;da tedavi s\u00fcrecine devam eden Mauro Icardi taraftarlar\u0131 heyecanland\u0131rd\u0131.<\/p>\n","protected":false},"author":1,"featured_media":23561,"comment_status":"open","ping_status":"open","sticky":false,"template":"","format":"standard","meta":{"footnotes":""},"categories":[25],"tags":[],"class_list":["post-23560","post","type-post","status-publish","format-standard","has-post-thumbnail","hentry","category-futbol"],"_links":{"self":[{"href":"https:\/\/haberbesiktas.tr\/index.php?rest_route=\/wp\/v2\/posts\/23560","targetHints":{"allow":["GET"]}}],"collection":[{"href":"https:\/\/haberbesiktas.tr\/index.php?rest_route=\/wp\/v2\/posts"}],"about":[{"href":"https:\/\/haberbesiktas.tr\/index.php?rest_route=\/wp\/v2\/types\/post"}],"author":[{"embeddable":true,"href":"https:\/\/haberbesiktas.tr\/index.php?rest_route=\/wp\/v2\/users\/1"}],"replies":[{"embeddable":true,"href":"https:\/\/haberbesiktas.tr\/index.php?rest_route=%2Fwp%2Fv2%2Fcomments&post=23560"}],"version-history":[{"count":1,"href":"https:\/\/haberbesiktas.tr\/index.php?rest_route=\/wp\/v2\/posts\/23560\/revisions"}],"predecessor-version":[{"id":23563,"href":"https:\/\/haberbesiktas.tr\/index.php?rest_route=\/wp\/v2\/posts\/23560\/revisions\/23563"}],"wp:featuredmedia":[{"embeddable":true,"href":"https:\/\/haberbesiktas.tr\/index.php?rest_route=\/wp\/v2\/media\/23561"}],"wp:attachment":[{"href":"https:\/\/haberbesiktas.tr\/index.php?rest_route=%2Fwp%2Fv2%2Fmedia&parent=23560"}],"wp:term":[{"taxonomy":"category","embeddable":true,"href":"https:\/\/haberbesiktas.tr\/index.php?rest_route=%2Fwp%2Fv2%2Fcategories&post=23560"},{"taxonomy":"post_tag","embeddable":true,"href":"https:\/\/haberbesiktas.tr\/index.php?rest_route=%2Fwp%2Fv2%2Ftags&post=23560"}],"curies":[{"name":"wp","href":"https:\/\/api.w.org\/{rel}","templated":true}]}}