{"id":23567,"date":"2025-04-25T12:48:07","date_gmt":"2025-04-25T12:48:07","guid":{"rendered":"https:\/\/haberbesiktas.tr\/?p=23567"},"modified":"2025-04-25T12:48:07","modified_gmt":"2025-04-25T12:48:07","slug":"fenerbahcede-kostic-karari","status":"publish","type":"post","link":"https:\/\/haberbesiktas.tr\/?p=23567","title":{"rendered":"Fenerbah\u00e7e&#8217;de Kostic karar\u0131!"},"content":{"rendered":"<div>Fenerbah\u00e7e, kiral\u0131k oyunculardan Filip Kostic&#8217;in bonservisini almaya karar verdi.<\/p>\n<p> Sar\u0131-lacivertliler, 32 ya\u015f\u0131ndaki S\u0131rp y\u0131ld\u0131z i\u00e7in kiral\u0131k mukaveledeki sat\u0131n alma opsiyonunu kullanacak. Lakin Fenerbah\u00e7e, 6 milyon euro&#8217;luk opsiyonu a\u015fa\u011f\u0131ya \u00e7ekmek i\u00e7in Juventus ile g\u00f6r\u00fc\u015fecek.<\/p>\n<p><strong>FENERBAH\u00c7E PERFORMANSI<\/strong><\/p>\n<p> Fenerbah\u00e7e Teknik Y\u00f6neticisi Jose Mourinho&#8217;nun 3-4-1-2 sistemine ge\u00e7mesinin akabinde performans\u0131yla dikkat \u00e7eken Filip Kostic, bu d\u00f6nem sar\u0131-lacivertli forma alt\u0131nda \u00e7\u0131kt\u0131\u011f\u0131 22 ma\u00e7ta 1 gol att\u0131 ve 6 asist yapt\u0131.<\/p>\n<p> Akt\u00fcel piyasa pahas\u0131 6 milyon euro olarak g\u00f6sterilen Kostic&#8217;in bonservisinin bulundu\u011fu Juventus ile mukavelesi 2026 y\u0131l\u0131na kadar devam ediyor.<\/p>\n<\/div>\n<p><\/p>\n","protected":false},"excerpt":{"rendered":"<p>Fenerbah\u00e7e, Juventus&#8217;tan kiralad\u0131\u011f\u0131 Filip Kostic&#8217;i bonservisiyle tak\u0131m\u0131na katmak istiyor.<\/p>\n","protected":false},"author":1,"featured_media":23568,"comment_status":"open","ping_status":"open","sticky":false,"template":"","format":"standard","meta":{"footnotes":""},"categories":[25],"tags":[],"class_list":["post-23567","post","type-post","status-publish","format-standard","has-post-thumbnail","hentry","category-futbol"],"_links":{"self":[{"href":"https:\/\/haberbesiktas.tr\/index.php?rest_route=\/wp\/v2\/posts\/23567","targetHints":{"allow":["GET"]}}],"collection":[{"href":"https:\/\/haberbesiktas.tr\/index.php?rest_route=\/wp\/v2\/posts"}],"about":[{"href":"https:\/\/haberbesiktas.tr\/index.php?rest_route=\/wp\/v2\/types\/post"}],"author":[{"embeddable":true,"href":"https:\/\/haberbesiktas.tr\/index.php?rest_route=\/wp\/v2\/users\/1"}],"replies":[{"embeddable":true,"href":"https:\/\/haberbesiktas.tr\/index.php?rest_route=%2Fwp%2Fv2%2Fcomments&post=23567"}],"version-history":[{"count":1,"href":"https:\/\/haberbesiktas.tr\/index.php?rest_route=\/wp\/v2\/posts\/23567\/revisions"}],"predecessor-version":[{"id":23569,"href":"https:\/\/haberbesiktas.tr\/index.php?rest_route=\/wp\/v2\/posts\/23567\/revisions\/23569"}],"wp:featuredmedia":[{"embeddable":true,"href":"https:\/\/haberbesiktas.tr\/index.php?rest_route=\/wp\/v2\/media\/23568"}],"wp:attachment":[{"href":"https:\/\/haberbesiktas.tr\/index.php?rest_route=%2Fwp%2Fv2%2Fmedia&parent=23567"}],"wp:term":[{"taxonomy":"category","embeddable":true,"href":"https:\/\/haberbesiktas.tr\/index.php?rest_route=%2Fwp%2Fv2%2Fcategories&post=23567"},{"taxonomy":"post_tag","embeddable":true,"href":"https:\/\/haberbesiktas.tr\/index.php?rest_route=%2Fwp%2Fv2%2Ftags&post=23567"}],"curies":[{"name":"wp","href":"https:\/\/api.w.org\/{rel}","templated":true}]}}