{"id":23573,"date":"2025-04-25T13:12:06","date_gmt":"2025-04-25T13:12:06","guid":{"rendered":"https:\/\/haberbesiktas.tr\/?p=23573"},"modified":"2025-04-25T13:12:06","modified_gmt":"2025-04-25T13:12:06","slug":"dis-basindan-solskjaer-ovgusu","status":"publish","type":"post","link":"https:\/\/haberbesiktas.tr\/?p=23573","title":{"rendered":"D\u0131\u015f bas\u0131ndan Solskjaer \u00f6vg\u00fcs\u00fc!"},"content":{"rendered":"<div>\u015eampiyonluk yar\u0131\u015f\u0131na erkenden havlu atan ve UEFA Avrupa Ligi&#8217;ne veda eden Be\u015fikta\u015f, Norve\u00e7li hocas\u0131 Ole Gunnar Solskjaer&#8217;le \u00e7\u0131k\u0131\u015f yakalad\u0131. <\/p>\n<p>Sezon i\u00e7erisinde hem idare hem de hoca de\u011fi\u015fikli\u011fi ya\u015fayan Siyah-Beyazl\u0131lar, Ole&#8217;nin geli\u015fiyle kazanma al\u0131\u015fkanl\u0131\u011f\u0131n\u0131 olu\u015fturdu. <\/p>\n<p>Norve\u00e7 bas\u0131n\u0131, deneyimli \u00e7al\u0131\u015ft\u0131r\u0131c\u0131n\u0131n Kara Kartal&#8217;daki ba\u015flang\u0131c\u0131n\u0131 \u00f6vg\u00fcyle haberle\u015ftirdi. Son olarak Ziraat T\u00fcrkiye Kupas\u0131&#8217;nda Antalyaspor&#8217;u deviren Ole i\u00e7in <strong>&#8220;R\u00fcya \u00fczere bir ba\u015flang\u0131\u00e7 yapt\u0131&#8221;<\/strong> s\u00f6zleri kullan\u0131ld\u0131. Nettavisen isimli haber sitesi, <strong>&#8220;Be\u015fikta\u015f bu galibiyetle birlikte \u00fcst \u00fcste 5. sefer kazand\u0131.&#8221;<\/strong> formunda iletti.<\/p>\n<p> <strong>&#8220;HEYECAN VER\u0130C\u0130&#8221;<\/strong><\/p>\n<p>30 Ocak 2025 tarihinde Twente&#8217;ye kar\u015f\u0131 al\u0131nan hezimetin akabinde hi\u00e7 kaybetmediler&#8221; de\u011ferlendirmesini yapt\u0131. \u0130ngiliz haber sitesi Unitedinfocus ise<strong> &#8220;Ole Gunnar Solskjaer&#8217;in gelmesinden evvel Be\u015fikta\u015f, S\u00fcper Lig&#8217;de alt\u0131nc\u0131 s\u0131rada bulunuyordu. Be\u015fikta\u015f, Ey\u00fcpspor&#8217;u 3-1 yenerek d\u00f6rd\u00fcnc\u00fc s\u0131raya y\u00fckseldi. Solskjaer, T\u00fcrkiye&#8217;de birinci 8 ma\u00e7ta 6 galibiyet, 1 beraberlik ve 1 ma\u011flubiyet alarak etkileyici bir performansa imza att\u0131. Manchester United&#8217;\u0131n eski teknik y\u00f6neticisi, T\u00fcrk kul\u00fcb\u00fcn\u00fc d\u00f6n\u00fc\u015ft\u00fcrmek i\u00e7in \u00e7al\u0131\u015f\u0131yor. Heyecan verici bir tak\u0131ma sahip&#8221;<\/strong> s\u00f6zlerini kulland\u0131.<\/p>\n<\/div>\n<p><\/p>\n","protected":false},"excerpt":{"rendered":"<p>Norve\u00e7 bas\u0131n\u0131, Be\u015fikta\u015f&#8217;\u0131n ba\u015f\u0131nda \u00e7\u0131kt\u0131\u011f\u0131 birinci 8 ma\u00e7ta 6 galibiyet alan Ole Gunnar Solskjaer&#8217;i \u00f6vd\u00fc. Ole&#8217;nin \u00fcst \u00fcste 5. zaferini ald\u0131\u011f\u0131 belirtilerek &#8220;Solskjaer&#8217;den d\u00fc\u015f \u00fczere bir ba\u015flang\u0131\u00e7&#8221; s\u00f6zleri kullan\u0131ld\u0131.<\/p>\n","protected":false},"author":1,"featured_media":23574,"comment_status":"open","ping_status":"open","sticky":false,"template":"","format":"standard","meta":{"footnotes":""},"categories":[25],"tags":[],"class_list":["post-23573","post","type-post","status-publish","format-standard","has-post-thumbnail","hentry","category-futbol"],"_links":{"self":[{"href":"https:\/\/haberbesiktas.tr\/index.php?rest_route=\/wp\/v2\/posts\/23573","targetHints":{"allow":["GET"]}}],"collection":[{"href":"https:\/\/haberbesiktas.tr\/index.php?rest_route=\/wp\/v2\/posts"}],"about":[{"href":"https:\/\/haberbesiktas.tr\/index.php?rest_route=\/wp\/v2\/types\/post"}],"author":[{"embeddable":true,"href":"https:\/\/haberbesiktas.tr\/index.php?rest_route=\/wp\/v2\/users\/1"}],"replies":[{"embeddable":true,"href":"https:\/\/haberbesiktas.tr\/index.php?rest_route=%2Fwp%2Fv2%2Fcomments&post=23573"}],"version-history":[{"count":1,"href":"https:\/\/haberbesiktas.tr\/index.php?rest_route=\/wp\/v2\/posts\/23573\/revisions"}],"predecessor-version":[{"id":23575,"href":"https:\/\/haberbesiktas.tr\/index.php?rest_route=\/wp\/v2\/posts\/23573\/revisions\/23575"}],"wp:featuredmedia":[{"embeddable":true,"href":"https:\/\/haberbesiktas.tr\/index.php?rest_route=\/wp\/v2\/media\/23574"}],"wp:attachment":[{"href":"https:\/\/haberbesiktas.tr\/index.php?rest_route=%2Fwp%2Fv2%2Fmedia&parent=23573"}],"wp:term":[{"taxonomy":"category","embeddable":true,"href":"https:\/\/haberbesiktas.tr\/index.php?rest_route=%2Fwp%2Fv2%2Fcategories&post=23573"},{"taxonomy":"post_tag","embeddable":true,"href":"https:\/\/haberbesiktas.tr\/index.php?rest_route=%2Fwp%2Fv2%2Ftags&post=23573"}],"curies":[{"name":"wp","href":"https:\/\/api.w.org\/{rel}","templated":true}]}}