{"id":23627,"date":"2025-04-25T16:48:05","date_gmt":"2025-04-25T16:48:05","guid":{"rendered":"https:\/\/haberbesiktas.tr\/?p=23627"},"modified":"2025-04-25T16:48:05","modified_gmt":"2025-04-25T16:48:05","slug":"fenerbahcede-kritik-fikstur","status":"publish","type":"post","link":"https:\/\/haberbesiktas.tr\/?p=23627","title":{"rendered":"Fenerbah\u00e7e&#8217;de kritik fikst\u00fcr!"},"content":{"rendered":"<div>Fenerbah\u00e7e, \u015fubat ay\u0131n\u0131 kupadaki Gaziantep FK ma\u00e7\u0131yla tamamlayacak.<\/p>\n<p> Sar\u0131-lacivertliler, mart ay\u0131nda ise Avrupa ve ligde birbirinden de\u011ferli ma\u00e7lara \u00e7\u0131kacak.<\/p>\n<p> Fenerbah\u00e7e, mart ay\u0131n\u0131 2 Mart Pazar g\u00fcn\u00fc alan\u0131nda oynayaca\u011f\u0131 Antalyaspor ma\u00e7\u0131yla a\u00e7acak.<\/p>\n<p> Sar\u0131-lacivertliler, daha sonra ise 6-13 Mart tarihlerinde UEFA Avrupa Ligi son 16 cinsinde Rangers ile kar\u015f\u0131 kar\u015f\u0131ya gelecek. Fenerbah\u00e7e, Rangers&#8217;a kar\u015f\u0131 birinci ma\u00e7\u0131 alan\u0131nda oynayacak ve r\u00f6van\u015fta Ibrox&#8217;a konuk olacak. Sar\u0131-lacivertliler, iki Rangers ma\u00e7\u0131n\u0131n ortas\u0131ndaki haftay\u0131 ise ligde BAY ge\u00e7ecek.<\/p>\n<p> Fenerbah\u00e7e, Rangers ma\u00e7lar\u0131n\u0131n ard\u0131ndan ligde 16 Mart Pazar g\u00fcn\u00fc alan\u0131nda Samsunspor&#8217;u a\u011f\u0131rlayacak.<\/p>\n<p> Fenerbah\u00e7e&#8217;nin Samsunspor ile oynayaca\u011f\u0131 ma\u00e7\u0131n akabinde t\u00fcm liglere ulusal ma\u00e7lar nedeniyle orta verilecek.<\/p>\n<p> Jose Mourinho&#8217;nun tak\u0131m\u0131, mart ay\u0131n\u0131 29-31 Mart haftas\u0131nda oynayaca\u011f\u0131 Bodrum FK ma\u00e7\u0131yla kapatacak.<\/p>\n<\/div>\n<p><\/p>\n","protected":false},"excerpt":{"rendered":"<p>Fenerbah\u00e7e, mart ay\u0131nda lig ve Avrupa&#8217;da kritik ma\u00e7lara \u00e7\u0131kacak.<\/p>\n","protected":false},"author":1,"featured_media":23628,"comment_status":"open","ping_status":"open","sticky":false,"template":"","format":"standard","meta":{"footnotes":""},"categories":[25],"tags":[2206],"class_list":["post-23627","post","type-post","status-publish","format-standard","has-post-thumbnail","hentry","category-futbol","tag-mart"],"_links":{"self":[{"href":"https:\/\/haberbesiktas.tr\/index.php?rest_route=\/wp\/v2\/posts\/23627","targetHints":{"allow":["GET"]}}],"collection":[{"href":"https:\/\/haberbesiktas.tr\/index.php?rest_route=\/wp\/v2\/posts"}],"about":[{"href":"https:\/\/haberbesiktas.tr\/index.php?rest_route=\/wp\/v2\/types\/post"}],"author":[{"embeddable":true,"href":"https:\/\/haberbesiktas.tr\/index.php?rest_route=\/wp\/v2\/users\/1"}],"replies":[{"embeddable":true,"href":"https:\/\/haberbesiktas.tr\/index.php?rest_route=%2Fwp%2Fv2%2Fcomments&post=23627"}],"version-history":[{"count":1,"href":"https:\/\/haberbesiktas.tr\/index.php?rest_route=\/wp\/v2\/posts\/23627\/revisions"}],"predecessor-version":[{"id":23629,"href":"https:\/\/haberbesiktas.tr\/index.php?rest_route=\/wp\/v2\/posts\/23627\/revisions\/23629"}],"wp:featuredmedia":[{"embeddable":true,"href":"https:\/\/haberbesiktas.tr\/index.php?rest_route=\/wp\/v2\/media\/23628"}],"wp:attachment":[{"href":"https:\/\/haberbesiktas.tr\/index.php?rest_route=%2Fwp%2Fv2%2Fmedia&parent=23627"}],"wp:term":[{"taxonomy":"category","embeddable":true,"href":"https:\/\/haberbesiktas.tr\/index.php?rest_route=%2Fwp%2Fv2%2Fcategories&post=23627"},{"taxonomy":"post_tag","embeddable":true,"href":"https:\/\/haberbesiktas.tr\/index.php?rest_route=%2Fwp%2Fv2%2Ftags&post=23627"}],"curies":[{"name":"wp","href":"https:\/\/api.w.org\/{rel}","templated":true}]}}