{"id":23703,"date":"2025-04-25T21:48:05","date_gmt":"2025-04-25T21:48:05","guid":{"rendered":"https:\/\/haberbesiktas.tr\/?p=23703"},"modified":"2025-04-25T21:48:05","modified_gmt":"2025-04-25T21:48:05","slug":"mavericks-doncicin-nargile-ve-bira-tuketiminden-rahatsizdi-iddiasi","status":"publish","type":"post","link":"https:\/\/haberbesiktas.tr\/?p=23703","title":{"rendered":"&#8220;Mavericks, Doncic&#8217;in nargile ve bira t\u00fcketiminden rahats\u0131zd\u0131&#8221; iddias\u0131"},"content":{"rendered":"<div>Dallas Mavericks&#8217;in eski y\u0131ld\u0131z\u0131 Luka Doncic ile yollar\u0131n\u0131 ay\u0131rmas\u0131n\u0131n yank\u0131lar\u0131 s\u00fcrerken, yeni raporlar grup idaresinin Sloven oyuncuya dair ho\u015fnutsuzlu\u011funu g\u00f6zler \u00f6n\u00fcne serdi.<\/p>\n<p> The Athletic&#8217;ten Sam Amick&#8217;in haberine nazaran, Mavericks idaresi, Doncic&#8217;in profesyonellik anlay\u0131\u015f\u0131, \u00e7al\u0131\u015fma disiplini ve hayat stiline ait \u00f6nemli tasalar ta\u015f\u0131yordu. Bilhassa y\u0131ld\u0131z oyuncunun bira ve nargileye olan d\u00fc\u015fk\u00fcnl\u00fc\u011f\u00fc kul\u00fcp i\u00e7inde tart\u0131\u015fma konusu olmu\u015ftu:<\/p>\n<p> <strong>&#8220;Doncic&#8217;in Dallas&#8217;taki son g\u00fcnlerine tan\u0131kl\u0131k edenler, 25 ya\u015f\u0131ndaki oyuncunun profesyonelli\u011fine dair olumlu bir tablo \u00e7izmiyor. Onu tembel olarak nitelendiriyorlar. Kilo denetiminin kadro i\u00e7inde daima bir sorun kayna\u011f\u0131 oldu\u011funu vurguluyorlar.<\/strong><\/p>\n<p> <strong>The Athletic&#8217;in daha evvel bildirdi\u011fi \u00fczere, Doncic&#8217;in toplumsal al\u0131\u015fkanl\u0131klar\u0131 da tak\u0131m idaresinin dikkatini \u00e7ekmi\u015fti. Nargile ve biraya olan d\u00fc\u015fk\u00fcnl\u00fc\u011f\u00fc, 19 ya\u015f\u0131nda Real Madrid&#8217;de y\u0131ld\u0131zla\u015ft\u0131\u011f\u0131 ve NBA Draft\u0131&#8217;na girmeye haz\u0131rland\u0131\u011f\u0131 devirden beri NBA etraflar\u0131nda bir kayg\u0131 kayna\u011f\u0131 olarak g\u00f6r\u00fcl\u00fcyordu.<\/strong><\/p>\n<p> <strong>Baz\u0131lar\u0131 onun basketbol mesle\u011finin er ya da ge\u00e7 olumsuz bir halde sonu\u00e7lanaca\u011f\u0131n\u0131 d\u00fc\u015f\u00fcn\u00fcyor. S\u0131hhat ge\u00e7mi\u015fine bak\u0131ld\u0131\u011f\u0131nda, \u00f6n\u00fcm\u00fczdeki be\u015f y\u0131l i\u00e7inde \u00f6nemli bir d\u00fc\u015f\u00fc\u015f ya\u015famas\u0131 ka\u00e7\u0131n\u0131lmaz olarak bedellendiriliyor.&#8221;<\/strong><\/p>\n<p> \u00d6te yandan, NBA&#8217;de kimi \u00f6teki y\u0131ld\u0131z oyuncular\u0131n misal al\u0131\u015fkanl\u0131klara sahip olmas\u0131na kar\u015f\u0131n bu derece tenkide maruz kalmad\u0131\u011f\u0131 biliniyor. \u00d6rne\u011fin, son y\u0131llar\u0131n en \u00e2l\u00e2 oyuncusu olarak g\u00f6sterilen <strong>Nikola Jokic,<\/strong> yaz aylar\u0131nda S\u0131rbistan&#8217;da bira i\u00e7erken ve partilerde e\u011flenirken s\u0131k\u00e7a g\u00f6r\u00fcnt\u00fclenmi\u015fti.<\/p>\n<p> Lakin Doncic&#8217;e dair tenkitler s\u0131rf \u00f6m\u00fcr \u015fekliyle sonlu kalm\u0131yor. Rapora nazaran, Dallas Mavericks genel menajeri Nico Harrison, kul\u00fcb\u00fcn art\u0131k Doncic etraf\u0131nda \u015fekillenmesini istemiyordu.<\/p>\n<\/div>\n<p><\/p>\n","protected":false},"excerpt":{"rendered":"<p>Dallas Mavericks&#8217;in eski y\u0131ld\u0131z\u0131 Luka Doncic ile yollar\u0131n\u0131 ay\u0131rmas\u0131n\u0131n yank\u0131lar\u0131 s\u00fcrerken, yeni raporlar grup idaresinin Sloven oyuncuya dair ho\u015fnutsuzlu\u011funu g\u00f6zler \u00f6n\u00fcne serdi.<\/p>\n","protected":false},"author":1,"featured_media":23704,"comment_status":"open","ping_status":"open","sticky":false,"template":"","format":"standard","meta":{"footnotes":""},"categories":[10],"tags":[1389],"class_list":["post-23703","post","type-post","status-publish","format-standard","has-post-thumbnail","hentry","category-basketbol","tag-doncic"],"_links":{"self":[{"href":"https:\/\/haberbesiktas.tr\/index.php?rest_route=\/wp\/v2\/posts\/23703","targetHints":{"allow":["GET"]}}],"collection":[{"href":"https:\/\/haberbesiktas.tr\/index.php?rest_route=\/wp\/v2\/posts"}],"about":[{"href":"https:\/\/haberbesiktas.tr\/index.php?rest_route=\/wp\/v2\/types\/post"}],"author":[{"embeddable":true,"href":"https:\/\/haberbesiktas.tr\/index.php?rest_route=\/wp\/v2\/users\/1"}],"replies":[{"embeddable":true,"href":"https:\/\/haberbesiktas.tr\/index.php?rest_route=%2Fwp%2Fv2%2Fcomments&post=23703"}],"version-history":[{"count":1,"href":"https:\/\/haberbesiktas.tr\/index.php?rest_route=\/wp\/v2\/posts\/23703\/revisions"}],"predecessor-version":[{"id":23705,"href":"https:\/\/haberbesiktas.tr\/index.php?rest_route=\/wp\/v2\/posts\/23703\/revisions\/23705"}],"wp:featuredmedia":[{"embeddable":true,"href":"https:\/\/haberbesiktas.tr\/index.php?rest_route=\/wp\/v2\/media\/23704"}],"wp:attachment":[{"href":"https:\/\/haberbesiktas.tr\/index.php?rest_route=%2Fwp%2Fv2%2Fmedia&parent=23703"}],"wp:term":[{"taxonomy":"category","embeddable":true,"href":"https:\/\/haberbesiktas.tr\/index.php?rest_route=%2Fwp%2Fv2%2Fcategories&post=23703"},{"taxonomy":"post_tag","embeddable":true,"href":"https:\/\/haberbesiktas.tr\/index.php?rest_route=%2Fwp%2Fv2%2Ftags&post=23703"}],"curies":[{"name":"wp","href":"https:\/\/api.w.org\/{rel}","templated":true}]}}