{"id":23723,"date":"2025-04-25T23:00:06","date_gmt":"2025-04-25T23:00:06","guid":{"rendered":"https:\/\/haberbesiktas.tr\/?p=23723"},"modified":"2025-04-25T23:00:06","modified_gmt":"2025-04-25T23:00:06","slug":"ahmet-nur-cebi-ve-huseyin-yucel-olagan-divan-kurulu-toplantisinda","status":"publish","type":"post","link":"https:\/\/haberbesiktas.tr\/?p=23723","title":{"rendered":"Ahmet Nur \u00c7ebi ve H\u00fcseyin Y\u00fccel, Ola\u011fan Divan Kurulu Toplant\u0131s\u0131&#8217;nda!"},"content":{"rendered":"<div>Be\u015fikta\u015f&#8217;ta b\u00fcy\u00fck merakla beklenen Ola\u011fan Divan Kurulu Toplant\u0131s\u0131, 1 Mart Cumartesi g\u00fcn\u00fc ger\u00e7ekle\u015ftirilecek. Kul\u00fcb\u00fcn gelece\u011fine dair k\u0131ymetli hususlar\u0131n masaya yat\u0131r\u0131laca\u011f\u0131 toplant\u0131ya toplulu\u011fun \u00f6nde gelen isimlerinin i\u015ftiraki bekleniyor.<\/p>\n<p> Toplant\u0131ya, eski liderlerden Ahmet I\u015f\u0131k \u00c7ebi ve H\u00fcseyin Y\u00fccel&#8217;in de kat\u0131laca\u011f\u0131 \u00f6\u011frenilirken, bir \u00f6b\u00fcr eski lider Hasan Arat&#8217;\u0131n ise Divan \u015euras\u0131&#8217;na kat\u0131lmas\u0131 beklenmiyor.<\/p>\n<\/div>\n<p><\/p>\n","protected":false},"excerpt":{"rendered":"<p>Be\u015fikta\u015f&#8217;ta merakla beklenen Ola\u011fan Divan Kurulu Toplant\u0131s\u0131, 1 Mart Cumartesi g\u00fcn\u00fc ger\u00e7ekle\u015fecek.<\/p>\n","protected":false},"author":1,"featured_media":23724,"comment_status":"open","ping_status":"open","sticky":false,"template":"","format":"standard","meta":{"footnotes":""},"categories":[25],"tags":[],"class_list":["post-23723","post","type-post","status-publish","format-standard","has-post-thumbnail","hentry","category-futbol"],"_links":{"self":[{"href":"https:\/\/haberbesiktas.tr\/index.php?rest_route=\/wp\/v2\/posts\/23723","targetHints":{"allow":["GET"]}}],"collection":[{"href":"https:\/\/haberbesiktas.tr\/index.php?rest_route=\/wp\/v2\/posts"}],"about":[{"href":"https:\/\/haberbesiktas.tr\/index.php?rest_route=\/wp\/v2\/types\/post"}],"author":[{"embeddable":true,"href":"https:\/\/haberbesiktas.tr\/index.php?rest_route=\/wp\/v2\/users\/1"}],"replies":[{"embeddable":true,"href":"https:\/\/haberbesiktas.tr\/index.php?rest_route=%2Fwp%2Fv2%2Fcomments&post=23723"}],"version-history":[{"count":1,"href":"https:\/\/haberbesiktas.tr\/index.php?rest_route=\/wp\/v2\/posts\/23723\/revisions"}],"predecessor-version":[{"id":23725,"href":"https:\/\/haberbesiktas.tr\/index.php?rest_route=\/wp\/v2\/posts\/23723\/revisions\/23725"}],"wp:featuredmedia":[{"embeddable":true,"href":"https:\/\/haberbesiktas.tr\/index.php?rest_route=\/wp\/v2\/media\/23724"}],"wp:attachment":[{"href":"https:\/\/haberbesiktas.tr\/index.php?rest_route=%2Fwp%2Fv2%2Fmedia&parent=23723"}],"wp:term":[{"taxonomy":"category","embeddable":true,"href":"https:\/\/haberbesiktas.tr\/index.php?rest_route=%2Fwp%2Fv2%2Fcategories&post=23723"},{"taxonomy":"post_tag","embeddable":true,"href":"https:\/\/haberbesiktas.tr\/index.php?rest_route=%2Fwp%2Fv2%2Ftags&post=23723"}],"curies":[{"name":"wp","href":"https:\/\/api.w.org\/{rel}","templated":true}]}}