{"id":23726,"date":"2025-04-25T23:12:06","date_gmt":"2025-04-25T23:12:06","guid":{"rendered":"https:\/\/haberbesiktas.tr\/?p=23726"},"modified":"2025-04-25T23:12:06","modified_gmt":"2025-04-25T23:12:06","slug":"deniz-oncu-moto2de-sezonun-ilk-yarisina-cikacak","status":"publish","type":"post","link":"https:\/\/haberbesiktas.tr\/?p=23726","title":{"rendered":"Deniz \u00d6nc\u00fc, Moto2&#8217;de sezonun ilk yar\u0131\u015f\u0131na \u00e7\u0131kacak"},"content":{"rendered":"<p>Ulusal motosiklet\u00e7i Deniz \u00d6nc\u00fc, D\u00fcnya Moto2 \u015eampiyonas\u0131&#8217;n\u0131n Tayland&#8217;daki birinci aya\u011f\u0131nda piste \u00e7\u0131kacak.<\/p>\n<p> T\u00fcrkiye Motosiklet Federasyonundan yap\u0131lan a\u00e7\u0131klamaya nazaran Deniz \u00d6nc\u00fc, bu d\u00f6nem D\u00fcnya Moto2 \u015eampiyonas\u0131&#8217;nda Red Bull KTM Ajo grubuyla m\u00fcsabakaya devam edecek.<\/p>\n<p> Ge\u00e7en d\u00f6nem sakatl\u0131klar ve kazalarla gayret eden gen\u00e7 motosiklet\u00e7i, yeni d\u00f6nemde \u015fampiyonluk amac\u0131yla piste \u00e7\u0131kacak.<\/p>\n<p> Deniz \u00d6nc\u00fc, Buriram&#8217;da bulunan Chang Milletleraras\u0131 Yar\u0131\u015f Pisti&#8217;nde Moto2&#8217;deki ikinci d\u00f6neminde cuma g\u00fcn\u00fc \u00f6zg\u00fcr idmanlarda, 1 Mart Cumartesi g\u00fcn\u00fc ise s\u0131ralama cinslerinde gaza basacak. Deniz, 2 Mart Pazar g\u00fcn\u00fc de saat 09.15&#8217;te 22 cinslik d\u00f6nemin birinci yar\u0131\u015f\u0131nda start alacak.<\/p>\n<p> D\u00f6nemin a\u00e7\u0131l\u0131\u015f yar\u0131\u015f\u0131 hakk\u0131nda a\u00e7\u0131klamalarda bulunan Deniz \u00d6nc\u00fc, &#8220;Y\u0131l\u0131n birinci aya\u011f\u0131 ile kar\u015f\u0131 kar\u015f\u0131yay\u0131z. K\u0131\u015f boyunca \u00e7ok yeterli \u00e7al\u0131\u015ft\u0131k. Bu y\u00fczden d\u00f6neme m\u00fcmk\u00fcn olan en g\u00fczel formda ba\u015flamaya \u00e7al\u0131\u015faca\u011f\u0131z. D\u00f6nem \u00f6ncesi motosikletle \u00e7ok e\u011flendik ve bunu Tayland&#8217;da s\u00fcrd\u00fcrmek istiyoruz. \u00d6nde kalmak kolay olmayacak, fakat y\u0131l\u0131n bu birinci k\u0131sm\u0131nda bunu ba\u015farmak i\u00e7in itimad\u0131m\u0131z ve motivasyonumuz var.&#8221; s\u00f6zlerini kulland\u0131.<\/p>\n","protected":false},"excerpt":{"rendered":"<p>Deniz \u00d6nc\u00fc, D\u00fcnya Moto2 \u015eampiyonas\u0131&#8217;nda d\u00f6nemin birinci yar\u0131\u015f\u0131na 2 Mart Pazar g\u00fcn\u00fc \u00e7\u0131kacak.<\/p>\n","protected":false},"author":1,"featured_media":23727,"comment_status":"open","ping_status":"open","sticky":false,"template":"","format":"standard","meta":{"footnotes":""},"categories":[27],"tags":[836,57],"class_list":["post-23726","post","type-post","status-publish","format-standard","has-post-thumbnail","hentry","category-guncel-haberler","tag-deniz","tag-sezon"],"_links":{"self":[{"href":"https:\/\/haberbesiktas.tr\/index.php?rest_route=\/wp\/v2\/posts\/23726","targetHints":{"allow":["GET"]}}],"collection":[{"href":"https:\/\/haberbesiktas.tr\/index.php?rest_route=\/wp\/v2\/posts"}],"about":[{"href":"https:\/\/haberbesiktas.tr\/index.php?rest_route=\/wp\/v2\/types\/post"}],"author":[{"embeddable":true,"href":"https:\/\/haberbesiktas.tr\/index.php?rest_route=\/wp\/v2\/users\/1"}],"replies":[{"embeddable":true,"href":"https:\/\/haberbesiktas.tr\/index.php?rest_route=%2Fwp%2Fv2%2Fcomments&post=23726"}],"version-history":[{"count":1,"href":"https:\/\/haberbesiktas.tr\/index.php?rest_route=\/wp\/v2\/posts\/23726\/revisions"}],"predecessor-version":[{"id":23728,"href":"https:\/\/haberbesiktas.tr\/index.php?rest_route=\/wp\/v2\/posts\/23726\/revisions\/23728"}],"wp:featuredmedia":[{"embeddable":true,"href":"https:\/\/haberbesiktas.tr\/index.php?rest_route=\/wp\/v2\/media\/23727"}],"wp:attachment":[{"href":"https:\/\/haberbesiktas.tr\/index.php?rest_route=%2Fwp%2Fv2%2Fmedia&parent=23726"}],"wp:term":[{"taxonomy":"category","embeddable":true,"href":"https:\/\/haberbesiktas.tr\/index.php?rest_route=%2Fwp%2Fv2%2Fcategories&post=23726"},{"taxonomy":"post_tag","embeddable":true,"href":"https:\/\/haberbesiktas.tr\/index.php?rest_route=%2Fwp%2Fv2%2Ftags&post=23726"}],"curies":[{"name":"wp","href":"https:\/\/api.w.org\/{rel}","templated":true}]}}