{"id":23732,"date":"2025-04-25T23:36:06","date_gmt":"2025-04-25T23:36:06","guid":{"rendered":"https:\/\/haberbesiktas.tr\/?p=23732"},"modified":"2025-04-25T23:36:06","modified_gmt":"2025-04-25T23:36:06","slug":"genclerbirligi-manisa-fk-macini-alpaslan-sen-yonetecek","status":"publish","type":"post","link":"https:\/\/haberbesiktas.tr\/?p=23732","title":{"rendered":"Gen\u00e7lerbirli\u011fi-Manisa FK ma\u00e7\u0131n\u0131 Alpaslan \u015een y\u00f6netecek"},"content":{"rendered":"<div>Trendyol 1. Lig&#8217;in 27. haftas\u0131nda, Cuma g\u00fcn\u00fc oynanacak Gen\u00e7lerbirli\u011fi &#8211; Manisa FK m\u00fcsabakas\u0131n\u0131 hakem Alpaslan \u015een y\u00f6netecek.\u00a0<br \/><span><br \/>T\u00fcrkiye Futbol Federasyonu Merkez Hakem Heyetinden yap\u0131lan a\u00e7\u0131klamaya nazaran, cuma g\u00fcn\u00fc saat 20.00&#8217;de Eryaman Stad\u0131&#8217;nda oynanacak m\u00fcsabakada, \u015een&#8217;in yard\u0131mc\u0131l\u0131klar\u0131n\u0131 Serdar Soydan ve Mehmet \u015eeng\u00fcl \u00fcstlenecek.<\/span><\/div>\n<p><\/p>\n","protected":false},"excerpt":{"rendered":"<p>Trendyol 1. Lig&#8217;in 27. haftas\u0131nda cuma g\u00fcn\u00fc oynanacak Gen\u00e7lerbirli\u011fi-Manisa FK kar\u015f\u0131la\u015fmas\u0131nda hakem Alpaslan \u015een d\u00fcd\u00fck \u00e7alacak.<\/p>\n","protected":false},"author":1,"featured_media":23733,"comment_status":"open","ping_status":"open","sticky":false,"template":"","format":"standard","meta":{"footnotes":""},"categories":[25],"tags":[],"class_list":["post-23732","post","type-post","status-publish","format-standard","has-post-thumbnail","hentry","category-futbol"],"_links":{"self":[{"href":"https:\/\/haberbesiktas.tr\/index.php?rest_route=\/wp\/v2\/posts\/23732","targetHints":{"allow":["GET"]}}],"collection":[{"href":"https:\/\/haberbesiktas.tr\/index.php?rest_route=\/wp\/v2\/posts"}],"about":[{"href":"https:\/\/haberbesiktas.tr\/index.php?rest_route=\/wp\/v2\/types\/post"}],"author":[{"embeddable":true,"href":"https:\/\/haberbesiktas.tr\/index.php?rest_route=\/wp\/v2\/users\/1"}],"replies":[{"embeddable":true,"href":"https:\/\/haberbesiktas.tr\/index.php?rest_route=%2Fwp%2Fv2%2Fcomments&post=23732"}],"version-history":[{"count":1,"href":"https:\/\/haberbesiktas.tr\/index.php?rest_route=\/wp\/v2\/posts\/23732\/revisions"}],"predecessor-version":[{"id":23734,"href":"https:\/\/haberbesiktas.tr\/index.php?rest_route=\/wp\/v2\/posts\/23732\/revisions\/23734"}],"wp:featuredmedia":[{"embeddable":true,"href":"https:\/\/haberbesiktas.tr\/index.php?rest_route=\/wp\/v2\/media\/23733"}],"wp:attachment":[{"href":"https:\/\/haberbesiktas.tr\/index.php?rest_route=%2Fwp%2Fv2%2Fmedia&parent=23732"}],"wp:term":[{"taxonomy":"category","embeddable":true,"href":"https:\/\/haberbesiktas.tr\/index.php?rest_route=%2Fwp%2Fv2%2Fcategories&post=23732"},{"taxonomy":"post_tag","embeddable":true,"href":"https:\/\/haberbesiktas.tr\/index.php?rest_route=%2Fwp%2Fv2%2Ftags&post=23732"}],"curies":[{"name":"wp","href":"https:\/\/api.w.org\/{rel}","templated":true}]}}