{"id":23738,"date":"2025-04-26T00:00:06","date_gmt":"2025-04-26T00:00:06","guid":{"rendered":"https:\/\/haberbesiktas.tr\/?p=23738"},"modified":"2025-04-26T00:00:06","modified_gmt":"2025-04-26T00:00:06","slug":"courtois-belcikaya-geri-donuyor","status":"publish","type":"post","link":"https:\/\/haberbesiktas.tr\/?p=23738","title":{"rendered":"Courtois, Bel\u00e7ika&#8217;ya geri d\u00f6n\u00fcyor!"},"content":{"rendered":"<div>Real Madrid&#8217;in 32 ya\u015f\u0131ndaki file bek\u00e7isi Thibaut Courtois, Bel\u00e7ika Ulusal Kadrosu&#8217;na geri d\u00f6n\u00fcyor.<\/p>\n<p> Bel\u00e7ika&#8217;da Domenico Tedesco&#8217;nun akabinde ulusal grubun teknik y\u00f6neticilik misyonuna gelen Rudi Garcia<strong>, &#8220;Courtois&#8217;\u0131 her vakit d\u00fcnyan\u0131n en \u00e2l\u00e2 kalecisi olarak g\u00f6rd\u00fcm. Courtois, ulusal gruba geri d\u00f6necek. Bu ulusal grup i\u00e7in kusursuz bir haber.&#8221;<\/strong>\u00a0diye konu\u015ftu.<\/p>\n<p> Bel\u00e7ika&#8217;da Tedesco ile sorun ya\u015fayan ve Tedesco oldu\u011fu s\u00fcrece ulusal ekibe gitmeyece\u011fini s\u00f6yleyen tecr\u00fcbeli file bek\u00e7isi de ge\u00e7ti\u011fimiz g\u00fcnlerde yapt\u0131\u011f\u0131 a\u00e7\u0131klamada bir bu\u00e7uk y\u0131l\u0131n akabinde ulusal ekipte forma giymeyi \u00f6zledi\u011fini s\u00f6ylemi\u015fti.<\/p>\n<p> 32 ya\u015f\u0131ndaki Courtois, \u015fu ana kadar 102 ma\u00e7ta Bel\u00e7ika Ulusal Grubu&#8217;nun kalesini korudu.<\/p>\n<\/div>\n<p><\/p>\n","protected":false},"excerpt":{"rendered":"<p>Bel\u00e7ika Ulusal Grubu Teknik Y\u00f6neticisi Rudi Garcia, Thibaut Courtois&#8217;\u0131n ulusal ekibe geri d\u00f6nece\u011fini a\u00e7\u0131klad\u0131.<\/p>\n","protected":false},"author":1,"featured_media":23739,"comment_status":"open","ping_status":"open","sticky":false,"template":"","format":"standard","meta":{"footnotes":""},"categories":[25],"tags":[145],"class_list":["post-23738","post","type-post","status-publish","format-standard","has-post-thumbnail","hentry","category-futbol","tag-milli-takim"],"_links":{"self":[{"href":"https:\/\/haberbesiktas.tr\/index.php?rest_route=\/wp\/v2\/posts\/23738","targetHints":{"allow":["GET"]}}],"collection":[{"href":"https:\/\/haberbesiktas.tr\/index.php?rest_route=\/wp\/v2\/posts"}],"about":[{"href":"https:\/\/haberbesiktas.tr\/index.php?rest_route=\/wp\/v2\/types\/post"}],"author":[{"embeddable":true,"href":"https:\/\/haberbesiktas.tr\/index.php?rest_route=\/wp\/v2\/users\/1"}],"replies":[{"embeddable":true,"href":"https:\/\/haberbesiktas.tr\/index.php?rest_route=%2Fwp%2Fv2%2Fcomments&post=23738"}],"version-history":[{"count":1,"href":"https:\/\/haberbesiktas.tr\/index.php?rest_route=\/wp\/v2\/posts\/23738\/revisions"}],"predecessor-version":[{"id":23740,"href":"https:\/\/haberbesiktas.tr\/index.php?rest_route=\/wp\/v2\/posts\/23738\/revisions\/23740"}],"wp:featuredmedia":[{"embeddable":true,"href":"https:\/\/haberbesiktas.tr\/index.php?rest_route=\/wp\/v2\/media\/23739"}],"wp:attachment":[{"href":"https:\/\/haberbesiktas.tr\/index.php?rest_route=%2Fwp%2Fv2%2Fmedia&parent=23738"}],"wp:term":[{"taxonomy":"category","embeddable":true,"href":"https:\/\/haberbesiktas.tr\/index.php?rest_route=%2Fwp%2Fv2%2Fcategories&post=23738"},{"taxonomy":"post_tag","embeddable":true,"href":"https:\/\/haberbesiktas.tr\/index.php?rest_route=%2Fwp%2Fv2%2Ftags&post=23738"}],"curies":[{"name":"wp","href":"https:\/\/api.w.org\/{rel}","templated":true}]}}