{"id":23767,"date":"2025-04-26T01:48:10","date_gmt":"2025-04-26T01:48:10","guid":{"rendered":"https:\/\/haberbesiktas.tr\/?p=23767"},"modified":"2025-04-26T01:48:10","modified_gmt":"2025-04-26T01:48:10","slug":"en-nesyriden-jeneriklik-kariyer-golu","status":"publish","type":"post","link":"https:\/\/haberbesiktas.tr\/?p=23767","title":{"rendered":"En-Nesyri&#8217;den jeneriklik kariyer gol\u00fc!"},"content":{"rendered":"<div>Fenerbah\u00e7e formas\u0131 giyen Youssef En-Nesyri, Gaziantep ma\u00e7\u0131ndaki gol\u00fcyle birlikte meslek rekoru k\u0131rd\u0131.<\/p>\n<p> Fasl\u0131 futbolcu, Gaziantep ma\u00e7\u0131nda 23. dakikada soldan gelen ortada jeneriklik bir gole imza att\u0131.<\/p>\n<p> En-Nesyri, bu golle birlikte bu d\u00f6nem 25 gole ula\u015ft\u0131 ve mesle\u011finde bir d\u00f6nemde en \u00e7ok gol att\u0131\u011f\u0131 d\u00f6neme ula\u015ft\u0131.<\/p>\n<blockquote class=\"twitter-tweet\" data-width=\"500\" data-dnt=\"true\">\n<p lang=\"cy\" dir=\"ltr\">\ud83d\udd25\ud83d\udd25YOUSSEF EN-NESYRI!<a href=\"https:\/\/t.co\/PB7p6Oo9Il\" rel=\"nofollow\">pic.twitter.com\/PB7p6Oo9Il<\/a><\/p>\n<p>&mdash; Sporxtv (@sporxtv) <a href=\"https:\/\/twitter.com\/sporxtv\/status\/1895103755500044345?ref_src=twsrc%5Etfw\" rel=\"nofollow noopener\" target=\"_blank\">February 27, 2025<\/a><\/p><\/blockquote>\n<p><script async src=\"https:\/\/platform.twitter.com\/widgets.js\" charset=\"utf-8\"><\/script><\/p>\n<\/p><\/div>\n<p><\/p>\n","protected":false},"excerpt":{"rendered":"<p>Fenerbah\u00e7e formas\u0131 giyen Youssef En-Nesyri, Gaziantep ma\u00e7\u0131ndaki gol\u00fcyle birlikte bu sezonki gol say\u0131s\u0131n\u0131 25 yapt\u0131 ve meslek rekoru k\u0131rd\u0131.<\/p>\n","protected":false},"author":1,"featured_media":23769,"comment_status":"open","ping_status":"open","sticky":false,"template":"","format":"standard","meta":{"footnotes":""},"categories":[25],"tags":[77],"class_list":["post-23767","post","type-post","status-publish","format-standard","has-post-thumbnail","hentry","category-futbol","tag-gol"],"_links":{"self":[{"href":"https:\/\/haberbesiktas.tr\/index.php?rest_route=\/wp\/v2\/posts\/23767","targetHints":{"allow":["GET"]}}],"collection":[{"href":"https:\/\/haberbesiktas.tr\/index.php?rest_route=\/wp\/v2\/posts"}],"about":[{"href":"https:\/\/haberbesiktas.tr\/index.php?rest_route=\/wp\/v2\/types\/post"}],"author":[{"embeddable":true,"href":"https:\/\/haberbesiktas.tr\/index.php?rest_route=\/wp\/v2\/users\/1"}],"replies":[{"embeddable":true,"href":"https:\/\/haberbesiktas.tr\/index.php?rest_route=%2Fwp%2Fv2%2Fcomments&post=23767"}],"version-history":[{"count":1,"href":"https:\/\/haberbesiktas.tr\/index.php?rest_route=\/wp\/v2\/posts\/23767\/revisions"}],"predecessor-version":[{"id":23770,"href":"https:\/\/haberbesiktas.tr\/index.php?rest_route=\/wp\/v2\/posts\/23767\/revisions\/23770"}],"wp:featuredmedia":[{"embeddable":true,"href":"https:\/\/haberbesiktas.tr\/index.php?rest_route=\/wp\/v2\/media\/23769"}],"wp:attachment":[{"href":"https:\/\/haberbesiktas.tr\/index.php?rest_route=%2Fwp%2Fv2%2Fmedia&parent=23767"}],"wp:term":[{"taxonomy":"category","embeddable":true,"href":"https:\/\/haberbesiktas.tr\/index.php?rest_route=%2Fwp%2Fv2%2Fcategories&post=23767"},{"taxonomy":"post_tag","embeddable":true,"href":"https:\/\/haberbesiktas.tr\/index.php?rest_route=%2Fwp%2Fv2%2Ftags&post=23767"}],"curies":[{"name":"wp","href":"https:\/\/api.w.org\/{rel}","templated":true}]}}