{"id":23805,"date":"2025-04-26T03:48:05","date_gmt":"2025-04-26T03:48:05","guid":{"rendered":"https:\/\/haberbesiktas.tr\/?p=23805"},"modified":"2025-04-26T03:48:05","modified_gmt":"2025-04-26T03:48:05","slug":"turkiye-kupasi-kura-tarihi-belli-oldu","status":"publish","type":"post","link":"https:\/\/haberbesiktas.tr\/?p=23805","title":{"rendered":"T\u00fcrkiye Kupas\u0131 kura tarihi belli oldu!"},"content":{"rendered":"<div>\n<p>Futbolda Ziraat T\u00fcrkiye Kupas\u0131 \u00e7eyrek ve yar\u0131 final ma\u00e7lar\u0131n\u0131n kura \u00e7ekimi, 6 Mart Per\u015fembe g\u00fcn\u00fc ger\u00e7ekle\u015ftirilecek.\u00a0<\/p>\n<p> T\u00fcrkiye Futbol Federasyonunun (TFF) internet sitesinde yer alan a\u00e7\u0131klamaya nazaran kura \u00e7ekimi, Riva Hasan Do\u011fan Ulusal Gruplar Kamp ve E\u011fitim Tesisleri&#8217;ndeki Orhan Latife Konferans Salonu&#8217;nda yap\u0131lacak.<\/p>\n<p> Kura \u00e7ekimi, saat 14.30&#8217;da ba\u015flayacak.<\/p>\n<\/div>\n","protected":false},"excerpt":{"rendered":"<p>Ziraat T\u00fcrkiye Kupas\u0131 \u00e7eyrek ve yar\u0131 final ma\u00e7lar\u0131 kura \u00e7ekimi, 6 Mart&#8217;ta yap\u0131lacak.<\/p>\n","protected":false},"author":1,"featured_media":23806,"comment_status":"open","ping_status":"open","sticky":false,"template":"","format":"standard","meta":{"footnotes":""},"categories":[25],"tags":[],"class_list":["post-23805","post","type-post","status-publish","format-standard","has-post-thumbnail","hentry","category-futbol"],"_links":{"self":[{"href":"https:\/\/haberbesiktas.tr\/index.php?rest_route=\/wp\/v2\/posts\/23805","targetHints":{"allow":["GET"]}}],"collection":[{"href":"https:\/\/haberbesiktas.tr\/index.php?rest_route=\/wp\/v2\/posts"}],"about":[{"href":"https:\/\/haberbesiktas.tr\/index.php?rest_route=\/wp\/v2\/types\/post"}],"author":[{"embeddable":true,"href":"https:\/\/haberbesiktas.tr\/index.php?rest_route=\/wp\/v2\/users\/1"}],"replies":[{"embeddable":true,"href":"https:\/\/haberbesiktas.tr\/index.php?rest_route=%2Fwp%2Fv2%2Fcomments&post=23805"}],"version-history":[{"count":1,"href":"https:\/\/haberbesiktas.tr\/index.php?rest_route=\/wp\/v2\/posts\/23805\/revisions"}],"predecessor-version":[{"id":23807,"href":"https:\/\/haberbesiktas.tr\/index.php?rest_route=\/wp\/v2\/posts\/23805\/revisions\/23807"}],"wp:featuredmedia":[{"embeddable":true,"href":"https:\/\/haberbesiktas.tr\/index.php?rest_route=\/wp\/v2\/media\/23806"}],"wp:attachment":[{"href":"https:\/\/haberbesiktas.tr\/index.php?rest_route=%2Fwp%2Fv2%2Fmedia&parent=23805"}],"wp:term":[{"taxonomy":"category","embeddable":true,"href":"https:\/\/haberbesiktas.tr\/index.php?rest_route=%2Fwp%2Fv2%2Fcategories&post=23805"},{"taxonomy":"post_tag","embeddable":true,"href":"https:\/\/haberbesiktas.tr\/index.php?rest_route=%2Fwp%2Fv2%2Ftags&post=23805"}],"curies":[{"name":"wp","href":"https:\/\/api.w.org\/{rel}","templated":true}]}}