{"id":23808,"date":"2025-04-26T04:00:05","date_gmt":"2025-04-26T04:00:05","guid":{"rendered":"https:\/\/haberbesiktas.tr\/?p=23808"},"modified":"2025-04-26T04:00:05","modified_gmt":"2025-04-26T04:00:05","slug":"irfan-can-kahveci-fenerbahcedeki-yerimi-biliyorum","status":"publish","type":"post","link":"https:\/\/haberbesiktas.tr\/?p=23808","title":{"rendered":"\u0130rfan Can Kahveci: &#8220;Fenerbah\u00e7e&#8217;deki yerimi biliyorum&#8221;"},"content":{"rendered":"<div>Ziraat T\u00fcrkiye Kupas\u0131 B K\u00fcmesi \u00fc\u00e7\u00fcnc\u00fc haftas\u0131nda Fenerbah\u00e7e, deplasmanda Gaziantep FK&#8217;yi 4-1 ma\u011flup etti ve k\u00fcmesini 9 puanla ba\u015fkan bitirerek \u00e7eyrek finale y\u00fckseldi.<\/p>\n<p>M\u00fccadelenin akabinde Sar\u0131-Lacivertli futbolcu \u0130rfan Can Kahveci, a\u00e7\u0131klamalarda bulundu.\u00a0<\/p>\n<p><strong>&#8220;L\u0130DER \u00c7IKTI\u011eIMIZ \u0130\u00c7\u0130N MUTLUYUZ&#8221;<\/strong><\/p>\n<p><span>Gruptan \u00f6nder \u00e7\u0131kt\u0131klar\u0131 i\u00e7in memnun olduklar\u0131n\u0131 s\u00f6yleyen Kahveci, <strong>&#8220;Gruptan ba\u015fkan \u00e7\u0131kt\u0131\u011f\u0131m\u0131z i\u00e7in memnunuz. Birinci \u00e7\u0131kan, bir sonraki t\u0131pta meskeninde oynuyor. A\u011f\u0131r fikst\u00fcrde bir avantaj. Her kulvarda ilerliyoruz. \u0130n\u015fallah ilerlemeye devam edece\u011fiz. \u015eu an i\u00e7in her \u015fey yolunda.&#8221;<\/strong> dedi.<\/p>\n<p><\/span><strong>&#8220;FENERBAH\u00c7E&#8217;DEK\u0130 YER\u0130M\u0130 B\u0130L\u0130YORUM&#8221;<\/strong><\/p>\n<p><span>Milli futbolcu, konu\u015fmas\u0131n\u0131n devam\u0131nda ise <strong>&#8220;Tak\u0131mda \u00e7ok de\u011ferli isimler var. Fenerbah\u00e7e&#8217;deki yerimi biliyorum. Bu taraftarlar\u0131n bana olan sevgisini biliyorum, fark\u0131nday\u0131m. Kendimi her vakit haz\u0131r tutmaya \u00e7al\u0131\u015f\u0131yorum. Bug\u00fcn oynad\u0131m, elimden geleni yapt\u0131m, yapmaya devam edece\u011fim.&#8221;<\/strong> tabirlerini kulland\u0131.<\/span><\/div>\n","protected":false},"excerpt":{"rendered":"<p>Gaziantep FK&#8217;yi 4-1 ma\u011flup edip Ziraat T\u00fcrkiye Kupas\u0131&#8217;nda \u00e7eyrek finale y\u00fckselen Fenerbah\u00e7e&#8217;de \u0130rfan Can Kahveci, ma\u00e7\u0131n akabinde a\u00e7\u0131klama yapt\u0131.<\/p>\n","protected":false},"author":1,"featured_media":23809,"comment_status":"open","ping_status":"open","sticky":false,"template":"","format":"standard","meta":{"footnotes":""},"categories":[25],"tags":[],"class_list":["post-23808","post","type-post","status-publish","format-standard","has-post-thumbnail","hentry","category-futbol"],"_links":{"self":[{"href":"https:\/\/haberbesiktas.tr\/index.php?rest_route=\/wp\/v2\/posts\/23808","targetHints":{"allow":["GET"]}}],"collection":[{"href":"https:\/\/haberbesiktas.tr\/index.php?rest_route=\/wp\/v2\/posts"}],"about":[{"href":"https:\/\/haberbesiktas.tr\/index.php?rest_route=\/wp\/v2\/types\/post"}],"author":[{"embeddable":true,"href":"https:\/\/haberbesiktas.tr\/index.php?rest_route=\/wp\/v2\/users\/1"}],"replies":[{"embeddable":true,"href":"https:\/\/haberbesiktas.tr\/index.php?rest_route=%2Fwp%2Fv2%2Fcomments&post=23808"}],"version-history":[{"count":1,"href":"https:\/\/haberbesiktas.tr\/index.php?rest_route=\/wp\/v2\/posts\/23808\/revisions"}],"predecessor-version":[{"id":23810,"href":"https:\/\/haberbesiktas.tr\/index.php?rest_route=\/wp\/v2\/posts\/23808\/revisions\/23810"}],"wp:featuredmedia":[{"embeddable":true,"href":"https:\/\/haberbesiktas.tr\/index.php?rest_route=\/wp\/v2\/media\/23809"}],"wp:attachment":[{"href":"https:\/\/haberbesiktas.tr\/index.php?rest_route=%2Fwp%2Fv2%2Fmedia&parent=23808"}],"wp:term":[{"taxonomy":"category","embeddable":true,"href":"https:\/\/haberbesiktas.tr\/index.php?rest_route=%2Fwp%2Fv2%2Fcategories&post=23808"},{"taxonomy":"post_tag","embeddable":true,"href":"https:\/\/haberbesiktas.tr\/index.php?rest_route=%2Fwp%2Fv2%2Ftags&post=23808"}],"curies":[{"name":"wp","href":"https:\/\/api.w.org\/{rel}","templated":true}]}}