{"id":23811,"date":"2025-04-26T04:12:05","date_gmt":"2025-04-26T04:12:05","guid":{"rendered":"https:\/\/haberbesiktas.tr\/?p=23811"},"modified":"2025-04-26T04:12:05","modified_gmt":"2025-04-26T04:12:05","slug":"anderson-talisca-kendimi-cok-iyi-hissediyorum","status":"publish","type":"post","link":"https:\/\/haberbesiktas.tr\/?p=23811","title":{"rendered":"Anderson Talisca: &#8220;Kendimi \u00e7ok iyi hissediyorum&#8221;"},"content":{"rendered":"<div>\n<p>Fenerbah\u00e7e&#8217;nin y\u0131ld\u0131z oyuncusu Anderson Talisca, Ziraat T\u00fcrkiye Kupas\u0131 B k\u00fcmesi son ma\u00e7\u0131nda deplasmanda Gaziantep FK&#8217;yi 4-1 ma\u011flup ettikleri m\u00fcsabakan\u0131n akabinde a\u00e7\u0131klamalarda bulundu.\u00a0<\/p>\n<p> Galibiyeti k\u0131ymetlendiren Brezilyal\u0131 y\u0131ld\u0131z, <strong>&#8220;Mutluyuz elde etti\u011fimiz sonu\u00e7tan \u00f6t\u00fcr\u00fc. Fenerbah\u00e7e&#8217;ye adaptasyonum \u00e7ok g\u00fczel ger\u00e7ekle\u015fti. Hocalar\u0131m, futbolcu arkada\u015flar\u0131m dayanak oldular. Antrenmanlarda en yeterlimi vermeye \u00e7al\u0131\u015f\u0131yorum. Ekibe yard\u0131m i\u00e7in haz\u0131r\u0131m.&#8221;<\/strong> dedi.<\/p>\n<p> Son olarak performans\u0131 ve fizik\u00ee durumu hakk\u0131nda konu\u015fan 31 ya\u015f\u0131ndaki oyuncu, <strong>&#8220;\u0130yi performans g\u00f6stermeye ba\u015flad\u0131m, bu ge\u00e7en m\u00fcddetten sonra. Grup arkada\u015flar\u0131m da \u00e7ok g\u00fczel \u00e7al\u0131\u015f\u0131yor. Herkes elinden gelenin en uygununu yap\u0131yor. Kul\u00fcpteki herkes bana yard\u0131mc\u0131 oluyor. Fizik\u00ee olarak \u00e7ok g\u00fczel hissediyorum kendimi. Kadroma ilerideki ma\u00e7larda \u00e7ok \u00e2l\u00e2 yard\u0131mc\u0131 olaca\u011f\u0131m.&#8221;<\/strong> s\u00f6zleriyle kelamlar\u0131n\u0131 noktalad\u0131.<\/p>\n<\/div>\n","protected":false},"excerpt":{"rendered":"<p>Fenerbah\u00e7e&#8217;nin Brezilyal\u0131 y\u0131ld\u0131z\u0131 Anderson Talisca, Gaziantep FK ma\u00e7\u0131n\u0131n akabinde konu\u015ftu.<\/p>\n","protected":false},"author":1,"featured_media":23812,"comment_status":"open","ping_status":"open","sticky":false,"template":"","format":"standard","meta":{"footnotes":""},"categories":[25],"tags":[],"class_list":["post-23811","post","type-post","status-publish","format-standard","has-post-thumbnail","hentry","category-futbol"],"_links":{"self":[{"href":"https:\/\/haberbesiktas.tr\/index.php?rest_route=\/wp\/v2\/posts\/23811","targetHints":{"allow":["GET"]}}],"collection":[{"href":"https:\/\/haberbesiktas.tr\/index.php?rest_route=\/wp\/v2\/posts"}],"about":[{"href":"https:\/\/haberbesiktas.tr\/index.php?rest_route=\/wp\/v2\/types\/post"}],"author":[{"embeddable":true,"href":"https:\/\/haberbesiktas.tr\/index.php?rest_route=\/wp\/v2\/users\/1"}],"replies":[{"embeddable":true,"href":"https:\/\/haberbesiktas.tr\/index.php?rest_route=%2Fwp%2Fv2%2Fcomments&post=23811"}],"version-history":[{"count":1,"href":"https:\/\/haberbesiktas.tr\/index.php?rest_route=\/wp\/v2\/posts\/23811\/revisions"}],"predecessor-version":[{"id":23813,"href":"https:\/\/haberbesiktas.tr\/index.php?rest_route=\/wp\/v2\/posts\/23811\/revisions\/23813"}],"wp:featuredmedia":[{"embeddable":true,"href":"https:\/\/haberbesiktas.tr\/index.php?rest_route=\/wp\/v2\/media\/23812"}],"wp:attachment":[{"href":"https:\/\/haberbesiktas.tr\/index.php?rest_route=%2Fwp%2Fv2%2Fmedia&parent=23811"}],"wp:term":[{"taxonomy":"category","embeddable":true,"href":"https:\/\/haberbesiktas.tr\/index.php?rest_route=%2Fwp%2Fv2%2Fcategories&post=23811"},{"taxonomy":"post_tag","embeddable":true,"href":"https:\/\/haberbesiktas.tr\/index.php?rest_route=%2Fwp%2Fv2%2Ftags&post=23811"}],"curies":[{"name":"wp","href":"https:\/\/api.w.org\/{rel}","templated":true}]}}