{"id":23814,"date":"2025-04-26T04:24:05","date_gmt":"2025-04-26T04:24:05","guid":{"rendered":"https:\/\/haberbesiktas.tr\/?p=23814"},"modified":"2025-04-26T04:24:05","modified_gmt":"2025-04-26T04:24:05","slug":"irfan-can-egribayat-rahmetli-babami-gururlandirmak-icin","status":"publish","type":"post","link":"https:\/\/haberbesiktas.tr\/?p=23814","title":{"rendered":"\u0130rfan Can E\u011fribayat: &#8220;Rahmetli babam\u0131 gururland\u0131rmak i\u00e7in!&#8221;"},"content":{"rendered":"<div>Ziraat T\u00fcrkiye Kupas\u0131 B K\u00fcmesi \u00fc\u00e7\u00fcnc\u00fc haftas\u0131nda Fenerbah\u00e7e, deplasmanda Gaziantep FK&#8217;yi 4-1 ma\u011flup etti ve k\u00fcmesini 9 puanla \u00f6nder bitirerek \u00e7eyrek finale y\u00fckseldi.<\/p>\n<p>M\u00fccadelenin akabinde Sar\u0131-Lacivertli kaleci \u0130rfan Can E\u011fribayat, a\u00e7\u0131klamalarda bulundu.\u00a0<\/p>\n<p><strong>&#8220;MOURINHO BANA G\u00dcVEN\u0130YOR&#8221;<\/strong><\/p>\n<p><span>Kar\u015f\u0131la\u015fmay\u0131 k\u0131ymetlendiren E\u011fribayat, <strong>&#8220;Fenerbah\u00e7e&#8217;ye geldi\u011fimden beri her oynad\u0131\u011f\u0131m ma\u00e7ta elimden geleni yap\u0131yorum. Hocalar\u0131m f\u0131rsat verirse devam edip oynuyorum, vermezse bekliyorum. D\u00fczg\u00fcn bir ivme yakalad\u0131m \u00e7ok \u015f\u00fck\u00fcr. Hocam\u0131z da bana g\u00fcveniyor, inanc\u0131n\u0131 hissettiriyor sa\u011f olsun. Devam edece\u011fiz. Livakovic d\u00f6nd\u00fc lakin art\u0131k hocan\u0131n karar\u0131. Yaln\u0131zca kalede de\u011fil her mevkide \u00f6nemli rekabet var. 3 kulvarda da talihimiz var, devam edece\u011fiz. Bu ma\u00e7 \u00e7eyrek finali konutumuzda oynamak a\u00e7\u0131s\u0131ndan k\u0131ymetliydi. Deplasmana gitmeyece\u011fiz, kendi taraftar\u0131m\u0131zla oynayaca\u011f\u0131z. Ekip olarak yeterli u\u011fra\u015f ettik, ileride usta ayaklar g\u00fczel bitirdi. Yolumuza devam edece\u011fiz.&#8221;<\/strong> dedi.<\/p>\n<p><strong><span>&#8220;RAHMETL\u0130 BABAMI GURURLANDIRMAK \u0130\u00c7\u0130N&#8230;&#8221;<\/span><\/strong><\/p>\n<p><span>Volkan Demirel&#8217;in <strong>&#8216;Fenerbah\u00e7e&#8217;de birinci kaleci olur&#8217;<\/strong> s\u00f6zleri \u00fczerine ise \u0130rfan,<strong> &#8220;\u00d6ncelikle kul\u00fcb\u00fcm\u00fcz\u00fcn efsane kaptan\u0131 Volkan A\u011fabey&#8217;e te\u015fekk\u00fcr ederim. Babalar\u0131m\u0131z\u0131 yak\u0131n vakitte kaybettik. Birbirimizi arad\u0131k, teselli verdik, kolay bir devir de\u011fildi. Ho\u015f konu\u015fmalar\u0131m\u0131z oldu. Bana bu t\u00fcrl\u00fc devam et dedi. Birebir halde devam ediyorum. Hem taraftarlar\u0131m\u0131z\u0131 hem merhum babam\u0131 gururland\u0131rmak i\u00e7in elimden geleni yap\u0131yorum.&#8221;<\/strong> s\u00f6zlerini kulland\u0131.\u00a0<\/p>\n<p><strong>&#8220;M\u0130LL\u0130 KADRO HOCALARIMIZIN KARARI&#8221;<\/strong><\/p>\n<p><span>Son olarak 26 ya\u015f\u0131ndaki kaleci, <strong>&#8220;Milli Kadro hocalar\u0131m\u0131z\u0131n karar\u0131. Ben alanda elimden geleni yap\u0131yorum. Oynamaya devam etti\u011fim s\u00fcrece beni de pahaland\u0131rmak isterler in\u015fallah.&#8221;<\/strong> kelamlar\u0131n\u0131 sarf etti.<\/span><\/span><\/p>\n<p><\/span> <\/p>\n<div><span>\u00a0<\/span><\/div>\n<\/div>\n","protected":false},"excerpt":{"rendered":"<p>Gaziantep FK&#8217;yi 4-1 ma\u011flup edip Ziraat T\u00fcrkiye Kupas\u0131&#8217;nda \u00e7eyrek finale y\u00fckselen Fenerbah\u00e7e&#8217;de kaleci \u0130rfan Can E\u011fribayat, ma\u00e7\u0131n akabinde a\u00e7\u0131klama yapt\u0131.<\/p>\n","protected":false},"author":1,"featured_media":23815,"comment_status":"open","ping_status":"open","sticky":false,"template":"","format":"standard","meta":{"footnotes":""},"categories":[25],"tags":[],"class_list":["post-23814","post","type-post","status-publish","format-standard","has-post-thumbnail","hentry","category-futbol"],"_links":{"self":[{"href":"https:\/\/haberbesiktas.tr\/index.php?rest_route=\/wp\/v2\/posts\/23814","targetHints":{"allow":["GET"]}}],"collection":[{"href":"https:\/\/haberbesiktas.tr\/index.php?rest_route=\/wp\/v2\/posts"}],"about":[{"href":"https:\/\/haberbesiktas.tr\/index.php?rest_route=\/wp\/v2\/types\/post"}],"author":[{"embeddable":true,"href":"https:\/\/haberbesiktas.tr\/index.php?rest_route=\/wp\/v2\/users\/1"}],"replies":[{"embeddable":true,"href":"https:\/\/haberbesiktas.tr\/index.php?rest_route=%2Fwp%2Fv2%2Fcomments&post=23814"}],"version-history":[{"count":1,"href":"https:\/\/haberbesiktas.tr\/index.php?rest_route=\/wp\/v2\/posts\/23814\/revisions"}],"predecessor-version":[{"id":23816,"href":"https:\/\/haberbesiktas.tr\/index.php?rest_route=\/wp\/v2\/posts\/23814\/revisions\/23816"}],"wp:featuredmedia":[{"embeddable":true,"href":"https:\/\/haberbesiktas.tr\/index.php?rest_route=\/wp\/v2\/media\/23815"}],"wp:attachment":[{"href":"https:\/\/haberbesiktas.tr\/index.php?rest_route=%2Fwp%2Fv2%2Fmedia&parent=23814"}],"wp:term":[{"taxonomy":"category","embeddable":true,"href":"https:\/\/haberbesiktas.tr\/index.php?rest_route=%2Fwp%2Fv2%2Fcategories&post=23814"},{"taxonomy":"post_tag","embeddable":true,"href":"https:\/\/haberbesiktas.tr\/index.php?rest_route=%2Fwp%2Fv2%2Ftags&post=23814"}],"curies":[{"name":"wp","href":"https:\/\/api.w.org\/{rel}","templated":true}]}}