{"id":23820,"date":"2025-04-26T04:48:05","date_gmt":"2025-04-26T04:48:05","guid":{"rendered":"https:\/\/haberbesiktas.tr\/?p=23820"},"modified":"2025-04-26T04:48:05","modified_gmt":"2025-04-26T04:48:05","slug":"salvatore-fotiden-yabanci-hakem-cevabi","status":"publish","type":"post","link":"https:\/\/haberbesiktas.tr\/?p=23820","title":{"rendered":"Salvatore Foti&#8217;den yabanc\u0131 hakem cevab\u0131!"},"content":{"rendered":"<div>Ziraat T\u00fcrkiye Kupas\u0131 B K\u00fcmesi \u00fc\u00e7\u00fcnc\u00fc haftas\u0131nda Fenerbah\u00e7e, deplasmanda Gaziantep FK&#8217;yi 4-1 ma\u011flup etti ve k\u00fcmesini 9 puanla ba\u015fkan bitirerek \u00e7eyrek finale y\u00fckseldi.<\/p>\n<p>M\u00fccadelenin akabinde Fenerbah\u00e7e&#8217;de yard\u0131mc\u0131 antren\u00f6r\u00a0Salvatore Foti, a\u00e7\u0131klamalarda bulundu.\u00a0<\/p>\n<p><strong>&#8220;ZORLU B\u0130R PER\u0130YODA G\u0130RECE\u011e\u0130Z&#8221;<\/strong><\/p>\n<p><span>Tak\u0131mda birlik havas\u0131 oldu\u011funu belirten Foti, <strong>&#8220;\u00c7ok fazla \u00fcst \u00fcste ma\u00e7larda g\u00fczel sonu\u00e7lar ald\u0131k ocak ay\u0131nda. Topla ve topsuz istikrarl\u0131 bir oyun sergilemek istiyoruz. Bunu da ba\u015fard\u0131\u011f\u0131m\u0131z\u0131 d\u00fc\u015f\u00fcn\u00fcyorum. Ald\u0131\u011f\u0131m\u0131z sonu\u00e7lar bunu g\u00f6steriyor zati. Grubun performans\u0131ndan \u00f6t\u00fcr\u00fc memnunuz, birlik havas\u0131 var. Herkes saha i\u00e7inde neler yapmas\u0131 gerekti\u011fini biliyor. Ocak ay\u0131ndan itibaren yeterli oynuyoruz lakin bunu devam ettirmeliyiz, zira \u00f6n\u00fcm\u00fczde \u00e7ok fazla ma\u00e7 var. Her kulvarda tezli bir formda yolumuza devam ediyoruz. Kuvvetli bir periyoda girece\u011fiz. Elimizden gelenin en g\u00fczelini yapmal\u0131y\u0131z.&#8221;<\/strong> dedi.<\/p>\n<p><strong>YABANCI HAKEM CEVABI<\/strong><\/p>\n<p><span><strong>&#8220;Teknik heyetin yabanc\u0131 hakemle ilgili fikri ve Fenerbah\u00e7e&#8217;nin d\u00f6nem sonuna kadar yabanc\u0131 hakem talebiyle ilgili g\u00f6r\u00fc\u015f\u00fcn\u00fcz nedir?&#8221;<\/strong> sorusuna yan\u0131t veren Foti,<\/p>\n<p><\/span><span><strong>&#8220;Kesinlikle hakl\u0131 bir talep. Vincic&#8217;in de nas\u0131l bir ma\u00e7 y\u00f6netti\u011fini g\u00f6rd\u00fck, \u00e7ok yeterliydi. Yaln\u0131zca Fenerbah\u00e7e de\u011fil rakip oyuncular da yeterli bir ma\u00e7 y\u00f6netti\u011fini s\u00f6yledi. Avrupa \u015eampiyonas\u0131&#8217;nda \u00fcst seviye ma\u00e7lar y\u00f6netmi\u015f hakemlerle daha istikrarl\u0131 bir ma\u00e7 oluyor. \u00c7ok tart\u0131\u015fmal\u0131 penalt\u0131 kararlar\u0131nda hakemler ger\u00e7ek kararlar verebiliyor. Hakl\u0131 bir talep.&#8221;<\/strong> s\u00f6zlerini kulland\u0131.<\/span><\/span><\/div>\n","protected":false},"excerpt":{"rendered":"<p>Gaziantep FK&#8217;yi 4-1 ma\u011flup edip Ziraat T\u00fcrkiye Kupas\u0131&#8217;nda \u00e7eyrek finale y\u00fckselen Fenerbah\u00e7e&#8217;de yard\u0131mc\u0131 antren\u00f6r Salvatore Foti, ma\u00e7\u0131n akabinde a\u00e7\u0131klama yapt\u0131.<\/p>\n","protected":false},"author":1,"featured_media":23821,"comment_status":"open","ping_status":"open","sticky":false,"template":"","format":"standard","meta":{"footnotes":""},"categories":[25],"tags":[62,50],"class_list":["post-23820","post","type-post","status-publish","format-standard","has-post-thumbnail","hentry","category-futbol","tag-hakem","tag-mac"],"_links":{"self":[{"href":"https:\/\/haberbesiktas.tr\/index.php?rest_route=\/wp\/v2\/posts\/23820","targetHints":{"allow":["GET"]}}],"collection":[{"href":"https:\/\/haberbesiktas.tr\/index.php?rest_route=\/wp\/v2\/posts"}],"about":[{"href":"https:\/\/haberbesiktas.tr\/index.php?rest_route=\/wp\/v2\/types\/post"}],"author":[{"embeddable":true,"href":"https:\/\/haberbesiktas.tr\/index.php?rest_route=\/wp\/v2\/users\/1"}],"replies":[{"embeddable":true,"href":"https:\/\/haberbesiktas.tr\/index.php?rest_route=%2Fwp%2Fv2%2Fcomments&post=23820"}],"version-history":[{"count":1,"href":"https:\/\/haberbesiktas.tr\/index.php?rest_route=\/wp\/v2\/posts\/23820\/revisions"}],"predecessor-version":[{"id":23822,"href":"https:\/\/haberbesiktas.tr\/index.php?rest_route=\/wp\/v2\/posts\/23820\/revisions\/23822"}],"wp:featuredmedia":[{"embeddable":true,"href":"https:\/\/haberbesiktas.tr\/index.php?rest_route=\/wp\/v2\/media\/23821"}],"wp:attachment":[{"href":"https:\/\/haberbesiktas.tr\/index.php?rest_route=%2Fwp%2Fv2%2Fmedia&parent=23820"}],"wp:term":[{"taxonomy":"category","embeddable":true,"href":"https:\/\/haberbesiktas.tr\/index.php?rest_route=%2Fwp%2Fv2%2Fcategories&post=23820"},{"taxonomy":"post_tag","embeddable":true,"href":"https:\/\/haberbesiktas.tr\/index.php?rest_route=%2Fwp%2Fv2%2Ftags&post=23820"}],"curies":[{"name":"wp","href":"https:\/\/api.w.org\/{rel}","templated":true}]}}