{"id":23823,"date":"2025-04-26T05:00:05","date_gmt":"2025-04-26T05:00:05","guid":{"rendered":"https:\/\/haberbesiktas.tr\/?p=23823"},"modified":"2025-04-26T05:00:05","modified_gmt":"2025-04-26T05:00:05","slug":"okan-buruk-kupayi-cok-onemsiyoruz","status":"publish","type":"post","link":"https:\/\/haberbesiktas.tr\/?p=23823","title":{"rendered":"Okan Buruk: &#8220;Kupay\u0131 \u00e7ok \u00f6nemsiyoruz&#8221;"},"content":{"rendered":"<div>Galatasaray, Ziraat T\u00fcrkiye Kupas\u0131 C K\u00fcmesi&#8217;nin \u00fc\u00e7\u00fcnc\u00fc ma\u00e7\u0131nda alan\u0131nda T\u00dcMOSAN Konyaspor ile kar\u015f\u0131la\u015facak.<\/p>\n<p>Sar\u0131-K\u0131rm\u0131z\u0131l\u0131lar&#8217;\u0131n teknik y\u00f6neticisi Okan Buruk, \u00e7aba \u00f6ncesinde a\u00e7\u0131klamalarda bulundu.<\/p>\n<p><strong>&#8220;KUPAYI \u00c7OK \u00d6NEMS\u0130YORUZ&#8221;<\/strong><br \/> Kupay\u0131 \u00e7ok \u00f6nemsediklerini s\u00f6yleyen Buruk,<strong> &#8220;\u0130\u00e7 saha ma\u00e7lar\u0131, \u00fcst \u00fcste 3. ma\u00e7. Bundan sonra deplasmanlar ba\u015fl\u0131yor. Ligde 5 ma\u00e7\u0131n 4&#8217;\u00fc deplasman olacak. Bu ma\u00e7\u0131n do\u011fal ki bir evvelki ma\u00e7ta oynamayanlarla ba\u015fl\u0131yoruz. Onlara g\u00fcveniyoruz. Galatasaray grubu, Galatasaray tak\u0131m\u0131 sonu\u00e7ta. Buradaki t\u00fcm oyuncular pahal\u0131 ve k\u0131ymetli. Ona inanarak bu t\u00fcrl\u00fc bir 11&#8217;le ba\u015fl\u0131yoruz. Pazar g\u00fcn\u00fc 4&#8217;te Kas\u0131mpa\u015fa ile ma\u00e7\u0131m\u0131z var. Ligle ilgili oyuncu planlamam\u0131z, sakatl\u0131k olmamas\u0131 en b\u00fcy\u00fck dile\u011fimiz. Kupay\u0131 \u00e7ok \u00f6nemsiyoruz, onu s\u00f6yleyeyim. \u00c7ok bedelli oyuncular\u0131m\u0131z var, kupay\u0131 \u00f6nemsiyoruz, yolumuza devam etmek istiyoruz kazanarak. Kazand\u0131\u011f\u0131m\u0131z takdirde bir \u00fcst \u00e7e\u015fide ge\u00e7iyoruz. Birincilik ikincilik \u00f6b\u00fcr ma\u00e7a da ba\u011fl\u0131.&#8221;<\/strong> dedi.<\/p>\n<p><strong>&#8220;KONYASPOR&#8217;UN DA G\u00dcZEL B\u0130R TAKIMI VAR&#8221;<\/strong><\/p>\n<p> Konyaspor&#8217;un da uygun bir tak\u0131m\u0131 oldu\u011funu s\u00f6yleyen tecr\u00fcbeli hoca, <strong>&#8220;Konyaspor&#8217;un da uygun bir tak\u0131m\u0131 var. \u0130lk 11&#8217;lerinde lig ma\u00e7lar\u0131na nazaran rotasyon var. Onlar da cinsin i\u00e7inde olmak isteyecek. Oyunun devam\u0131nda k\u0131ymetli bir yedek kul\u00fcbesine sahibiz. Ma\u00e7\u0131n devam\u0131nda onlar\u0131 kullanmaya \u00e7al\u0131\u015faca\u011f\u0131z.&#8221;<\/strong> s\u00f6zlerini kulland\u0131.<\/p>\n<\/div>\n","protected":false},"excerpt":{"rendered":"<p>Ziraat T\u00fcrkiye Kupas\u0131 C K\u00fcmesi&#8217;nin \u00fc\u00e7\u00fcnc\u00fc ma\u00e7\u0131nda Konyaspor&#8217;u konuk edecek Galatasaray&#8217;da teknik y\u00f6netici Okan Buruk, ma\u00e7 \u00f6ncesi a\u00e7\u0131klamalarda bulundu.<\/p>\n","protected":false},"author":1,"featured_media":23824,"comment_status":"open","ping_status":"open","sticky":false,"template":"","format":"standard","meta":{"footnotes":""},"categories":[25],"tags":[],"class_list":["post-23823","post","type-post","status-publish","format-standard","has-post-thumbnail","hentry","category-futbol"],"_links":{"self":[{"href":"https:\/\/haberbesiktas.tr\/index.php?rest_route=\/wp\/v2\/posts\/23823","targetHints":{"allow":["GET"]}}],"collection":[{"href":"https:\/\/haberbesiktas.tr\/index.php?rest_route=\/wp\/v2\/posts"}],"about":[{"href":"https:\/\/haberbesiktas.tr\/index.php?rest_route=\/wp\/v2\/types\/post"}],"author":[{"embeddable":true,"href":"https:\/\/haberbesiktas.tr\/index.php?rest_route=\/wp\/v2\/users\/1"}],"replies":[{"embeddable":true,"href":"https:\/\/haberbesiktas.tr\/index.php?rest_route=%2Fwp%2Fv2%2Fcomments&post=23823"}],"version-history":[{"count":1,"href":"https:\/\/haberbesiktas.tr\/index.php?rest_route=\/wp\/v2\/posts\/23823\/revisions"}],"predecessor-version":[{"id":23825,"href":"https:\/\/haberbesiktas.tr\/index.php?rest_route=\/wp\/v2\/posts\/23823\/revisions\/23825"}],"wp:featuredmedia":[{"embeddable":true,"href":"https:\/\/haberbesiktas.tr\/index.php?rest_route=\/wp\/v2\/media\/23824"}],"wp:attachment":[{"href":"https:\/\/haberbesiktas.tr\/index.php?rest_route=%2Fwp%2Fv2%2Fmedia&parent=23823"}],"wp:term":[{"taxonomy":"category","embeddable":true,"href":"https:\/\/haberbesiktas.tr\/index.php?rest_route=%2Fwp%2Fv2%2Fcategories&post=23823"},{"taxonomy":"post_tag","embeddable":true,"href":"https:\/\/haberbesiktas.tr\/index.php?rest_route=%2Fwp%2Fv2%2Ftags&post=23823"}],"curies":[{"name":"wp","href":"https:\/\/api.w.org\/{rel}","templated":true}]}}