{"id":23829,"date":"2025-04-26T05:24:06","date_gmt":"2025-04-26T05:24:06","guid":{"rendered":"https:\/\/haberbesiktas.tr\/?p=23829"},"modified":"2025-04-26T05:24:06","modified_gmt":"2025-04-26T05:24:06","slug":"taner-yapagici-deneyim-olarak-guzel-bir-dort-mac-oldu","status":"publish","type":"post","link":"https:\/\/haberbesiktas.tr\/?p=23829","title":{"rendered":"Taner Yapa\u011f\u0131c\u0131: &#8220;Deneyim olarak g\u00fczel bir d\u00f6rt ma\u00e7 oldu&#8221;"},"content":{"rendered":"<div>Ziraat T\u00fcrkiye Kupas\u0131 B K\u00fcmesi \u00fc\u00e7\u00fcnc\u00fc ma\u00e7\u0131nda konuk etti\u011fi G\u00f6ztepe&#8217;ye 5-0 ma\u011flup olan Kas\u0131mpa\u015fa&#8217;da 19 ya\u015f alt\u0131 grubu teknik y\u00f6neticisi Taner Yapa\u011f\u0131c\u0131, kupada oynad\u0131klar\u0131 d\u00f6rt ma\u00e7la tecr\u00fcbe kazand\u0131klar\u0131n\u0131 aktard\u0131.<\/p>\n<p> Yapa\u011f\u0131c\u0131, kar\u015f\u0131la\u015fman\u0131n akabinde d\u00fczenlenen bas\u0131n toplant\u0131s\u0131nda de\u011ferlendirmede bulundu.<\/p>\n<p> Kupada d\u00f6rt ma\u00e7 oynayarak tecr\u00fcbe kazand\u0131klar\u0131n\u0131n alt\u0131n\u0131 \u00e7izen gen\u00e7 teknik adam, <strong>&#8220;Skor ve oyun olarak memnun oldu\u011fumuz bir ma\u00e7 oynamad\u0131k. D\u00fcn ligimizde bir ma\u00e7 oynad\u0131k. Biraz yorgunduk. Kupada d\u00f6rt ho\u015f ma\u00e7 oynad\u0131k. Tecr\u00fcbe olarak ho\u015f bir d\u00f6rt ma\u00e7 oldu. Katk\u0131s\u0131 olan herkese te\u015fekk\u00fcr ederim.&#8221;<\/strong> diye konu\u015ftu.<\/p>\n<\/div>\n","protected":false},"excerpt":{"rendered":"<p>Ziraat T\u00fcrkiye Kupas\u0131 B K\u00fcmesi \u00fc\u00e7\u00fcnc\u00fc ma\u00e7\u0131nda konuk etti\u011fi G\u00f6ztepe&#8217;ye 5-0 ma\u011flup olan Kas\u0131mpa\u015fa&#8217;da 19 ya\u015f alt\u0131 kadrosu teknik y\u00f6neticisi Taner Yapa\u011f\u0131c\u0131, ma\u00e7\u0131n akabinde a\u00e7\u0131klama yapt\u0131.<\/p>\n","protected":false},"author":1,"featured_media":23830,"comment_status":"open","ping_status":"open","sticky":false,"template":"","format":"standard","meta":{"footnotes":""},"categories":[25],"tags":[50],"class_list":["post-23829","post","type-post","status-publish","format-standard","has-post-thumbnail","hentry","category-futbol","tag-mac"],"_links":{"self":[{"href":"https:\/\/haberbesiktas.tr\/index.php?rest_route=\/wp\/v2\/posts\/23829","targetHints":{"allow":["GET"]}}],"collection":[{"href":"https:\/\/haberbesiktas.tr\/index.php?rest_route=\/wp\/v2\/posts"}],"about":[{"href":"https:\/\/haberbesiktas.tr\/index.php?rest_route=\/wp\/v2\/types\/post"}],"author":[{"embeddable":true,"href":"https:\/\/haberbesiktas.tr\/index.php?rest_route=\/wp\/v2\/users\/1"}],"replies":[{"embeddable":true,"href":"https:\/\/haberbesiktas.tr\/index.php?rest_route=%2Fwp%2Fv2%2Fcomments&post=23829"}],"version-history":[{"count":1,"href":"https:\/\/haberbesiktas.tr\/index.php?rest_route=\/wp\/v2\/posts\/23829\/revisions"}],"predecessor-version":[{"id":23831,"href":"https:\/\/haberbesiktas.tr\/index.php?rest_route=\/wp\/v2\/posts\/23829\/revisions\/23831"}],"wp:featuredmedia":[{"embeddable":true,"href":"https:\/\/haberbesiktas.tr\/index.php?rest_route=\/wp\/v2\/media\/23830"}],"wp:attachment":[{"href":"https:\/\/haberbesiktas.tr\/index.php?rest_route=%2Fwp%2Fv2%2Fmedia&parent=23829"}],"wp:term":[{"taxonomy":"category","embeddable":true,"href":"https:\/\/haberbesiktas.tr\/index.php?rest_route=%2Fwp%2Fv2%2Fcategories&post=23829"},{"taxonomy":"post_tag","embeddable":true,"href":"https:\/\/haberbesiktas.tr\/index.php?rest_route=%2Fwp%2Fv2%2Ftags&post=23829"}],"curies":[{"name":"wp","href":"https:\/\/api.w.org\/{rel}","templated":true}]}}