{"id":23832,"date":"2025-04-26T05:36:05","date_gmt":"2025-04-26T05:36:05","guid":{"rendered":"https:\/\/haberbesiktas.tr\/?p=23832"},"modified":"2025-04-26T05:36:05","modified_gmt":"2025-04-26T05:36:05","slug":"serdar-dursundan-iranda-penalti-krizi","status":"publish","type":"post","link":"https:\/\/haberbesiktas.tr\/?p=23832","title":{"rendered":"Serdar Dursun&#8217;dan \u0130ran&#8217;da penalt\u0131 krizi"},"content":{"rendered":"<div>\u0130smail Kartal&#8217;\u0131n teknik y\u00f6neticili\u011fini yapt\u0131\u011f\u0131 Persepolis, \u0130ran Premier Lig&#8217;in 21. haftas\u0131nda Esteghlal&#8217;i konuk ettil.<\/p>\n<p> Azadi Stadyumu&#8217;nda oynanan ma\u00e7 konut sahibi kadronun 2-1 \u00fcst\u00fcnl\u00fc\u011f\u00fcyle tamamland\u0131.<\/p>\n<p> M\u00fcsabakada birinci yar\u0131n\u0131n uzatma anlar\u0131nda Serdar Dursun&#8217;un ba\u015frol\u00fcnde oldu\u011fu de\u011fi\u015fik bir konum ya\u015fand\u0131. Persepolis&#8217;in 45+3&#8217;te Serdar&#8217;la kulland\u0131\u011f\u0131 penalt\u0131da kaleci Seyed Hosseini topu \u00e7eldi fakat hakem, \u0130ranl\u0131 file bek\u00e7isinin vuru\u015ftan evvel kale \u00e7izgisi ihlali yapt\u0131\u011f\u0131 i\u00e7in at\u0131\u015f\u0131 tekrarlad\u0131.<\/p>\n<p> Serdar ikinci defa penalt\u0131y\u0131 kullanmak istedi lakin ekip arkada\u015flar\u0131 buna m\u00fcsaade vermedi.<\/p>\n<p> 45+4. dakikada topun ba\u015f\u0131na ge\u00e7en Hossein Kanaani penalt\u0131y\u0131 gole \u00e7evirdi.<\/p>\n<p> Konut sahibi grubun \u00f6b\u00fcr gol\u00fc 71. dakikada Ali Alipour&#8217;dan geldi. 55. dakikada Alireza Koushki&#8217;nin att\u0131\u011f\u0131 gol ise Esteghlal&#8217;e yetmedi.<\/p>\n<p> Bu ortada Serdar Dursun, birinci 11&#8217;de ba\u015flad\u0131\u011f\u0131 ma\u00e7\u0131n 80. dakikas\u0131nda yerini Isa Ale Kasir&#8217;e b\u0131rakt\u0131.<\/p>\n<p> \u00a0<\/p>\n<\/div>\n","protected":false},"excerpt":{"rendered":"<p>\u0130smail Kartal&#8217;\u0131n kadrosu Persepolis, Tahran derbisinde konuk etti\u011fi Esteghlal&#8217;i 2-1 ma\u011flup ederken, konut sahibi kadroda forma giyen Serdar Dursun ile grup arkada\u015flar\u0131 ortas\u0131nda penalt\u0131 krizi ya\u015fand\u0131.<\/p>\n","protected":false},"author":1,"featured_media":23833,"comment_status":"open","ping_status":"open","sticky":false,"template":"","format":"standard","meta":{"footnotes":""},"categories":[25],"tags":[],"class_list":["post-23832","post","type-post","status-publish","format-standard","has-post-thumbnail","hentry","category-futbol"],"_links":{"self":[{"href":"https:\/\/haberbesiktas.tr\/index.php?rest_route=\/wp\/v2\/posts\/23832","targetHints":{"allow":["GET"]}}],"collection":[{"href":"https:\/\/haberbesiktas.tr\/index.php?rest_route=\/wp\/v2\/posts"}],"about":[{"href":"https:\/\/haberbesiktas.tr\/index.php?rest_route=\/wp\/v2\/types\/post"}],"author":[{"embeddable":true,"href":"https:\/\/haberbesiktas.tr\/index.php?rest_route=\/wp\/v2\/users\/1"}],"replies":[{"embeddable":true,"href":"https:\/\/haberbesiktas.tr\/index.php?rest_route=%2Fwp%2Fv2%2Fcomments&post=23832"}],"version-history":[{"count":1,"href":"https:\/\/haberbesiktas.tr\/index.php?rest_route=\/wp\/v2\/posts\/23832\/revisions"}],"predecessor-version":[{"id":23834,"href":"https:\/\/haberbesiktas.tr\/index.php?rest_route=\/wp\/v2\/posts\/23832\/revisions\/23834"}],"wp:featuredmedia":[{"embeddable":true,"href":"https:\/\/haberbesiktas.tr\/index.php?rest_route=\/wp\/v2\/media\/23833"}],"wp:attachment":[{"href":"https:\/\/haberbesiktas.tr\/index.php?rest_route=%2Fwp%2Fv2%2Fmedia&parent=23832"}],"wp:term":[{"taxonomy":"category","embeddable":true,"href":"https:\/\/haberbesiktas.tr\/index.php?rest_route=%2Fwp%2Fv2%2Fcategories&post=23832"},{"taxonomy":"post_tag","embeddable":true,"href":"https:\/\/haberbesiktas.tr\/index.php?rest_route=%2Fwp%2Fv2%2Ftags&post=23832"}],"curies":[{"name":"wp","href":"https:\/\/api.w.org\/{rel}","templated":true}]}}