{"id":23835,"date":"2025-04-26T05:48:05","date_gmt":"2025-04-26T05:48:05","guid":{"rendered":"https:\/\/haberbesiktas.tr\/?p=23835"},"modified":"2025-04-26T05:48:05","modified_gmt":"2025-04-26T05:48:05","slug":"fenerbahcenin-eski-teknik-direktorlerinden-zdenek-zeman-hastaneye-kaldirildi","status":"publish","type":"post","link":"https:\/\/haberbesiktas.tr\/?p=23835","title":{"rendered":"Fenerbah\u00e7e&#8217;nin eski teknik direkt\u00f6rlerinden Zdenek Zeman hastaneye kald\u0131r\u0131ld\u0131"},"content":{"rendered":"<div>Fenerbah\u00e7e&#8217;nin eski teknik y\u00f6neticilerinden Zdenek Zeman, fel\u00e7 belirtileri g\u00f6sterdi\u011fi gerek\u00e7esiyle hastaneye kald\u0131r\u0131ld\u0131.<\/p>\n<p> \u0130talya bas\u0131n\u0131nda yer alan haberlerde, g\u00fc\u00e7 kayb\u0131 ve konu\u015fma bozuklu\u011fu ya\u015fayan Zeman&#8217;\u0131n fel\u00e7 ku\u015fkusuyla Roma&#8217;da bir hastaneye kald\u0131r\u0131ld\u0131\u011f\u0131 tabir edildi.<\/p>\n<p> Durumunun stabil oldu\u011fu ve m\u00fc\u015fahede alt\u0131nda tutuldu\u011fu belirtilen 77 ya\u015f\u0131ndaki \u00c7ek teknik adam\u0131n kardiyolojik ve n\u00f6roradyolojik testlerden ge\u00e7ece\u011fi kaydedildi.<\/p>\n<p> Mesle\u011fi boyunca \u0130talya&#8217;da Parma, Lazio, Roma ve Napoli ba\u015fta olmak \u00fczere bir\u00e7ok ekip \u00e7al\u0131\u015ft\u0131ran Zeman, 1999-2000 d\u00f6neminde Fenerbah\u00e7e&#8217;de misyon yapm\u0131\u015ft\u0131.<\/p>\n<p> Son olarak Pescara&#8217;y\u0131 \u00e7al\u0131\u015ft\u0131ran deneyimli teknik adam, \u015eubat 2024&#8217;te s\u0131hhat s\u0131k\u0131nt\u0131lar\u0131 nedeniyle misyondan ayr\u0131lmak zorunda kalm\u0131\u015ft\u0131.<\/p>\n<\/div>\n","protected":false},"excerpt":{"rendered":"<p>Bir vakitler Fenerbah\u00e7e&#8217;nin de teknik y\u00f6neticili\u011fini yapan 77 ya\u015f\u0131ndaki \u00c7ek teknik adam Zdenek Zeman, fel\u00e7 belirtileri g\u00f6sterdi\u011fi gerek\u00e7esiyle hastaneye kald\u0131r\u0131ld\u0131.<\/p>\n","protected":false},"author":1,"featured_media":23836,"comment_status":"open","ping_status":"open","sticky":false,"template":"","format":"standard","meta":{"footnotes":""},"categories":[25],"tags":[],"class_list":["post-23835","post","type-post","status-publish","format-standard","has-post-thumbnail","hentry","category-futbol"],"_links":{"self":[{"href":"https:\/\/haberbesiktas.tr\/index.php?rest_route=\/wp\/v2\/posts\/23835","targetHints":{"allow":["GET"]}}],"collection":[{"href":"https:\/\/haberbesiktas.tr\/index.php?rest_route=\/wp\/v2\/posts"}],"about":[{"href":"https:\/\/haberbesiktas.tr\/index.php?rest_route=\/wp\/v2\/types\/post"}],"author":[{"embeddable":true,"href":"https:\/\/haberbesiktas.tr\/index.php?rest_route=\/wp\/v2\/users\/1"}],"replies":[{"embeddable":true,"href":"https:\/\/haberbesiktas.tr\/index.php?rest_route=%2Fwp%2Fv2%2Fcomments&post=23835"}],"version-history":[{"count":1,"href":"https:\/\/haberbesiktas.tr\/index.php?rest_route=\/wp\/v2\/posts\/23835\/revisions"}],"predecessor-version":[{"id":23837,"href":"https:\/\/haberbesiktas.tr\/index.php?rest_route=\/wp\/v2\/posts\/23835\/revisions\/23837"}],"wp:featuredmedia":[{"embeddable":true,"href":"https:\/\/haberbesiktas.tr\/index.php?rest_route=\/wp\/v2\/media\/23836"}],"wp:attachment":[{"href":"https:\/\/haberbesiktas.tr\/index.php?rest_route=%2Fwp%2Fv2%2Fmedia&parent=23835"}],"wp:term":[{"taxonomy":"category","embeddable":true,"href":"https:\/\/haberbesiktas.tr\/index.php?rest_route=%2Fwp%2Fv2%2Fcategories&post=23835"},{"taxonomy":"post_tag","embeddable":true,"href":"https:\/\/haberbesiktas.tr\/index.php?rest_route=%2Fwp%2Fv2%2Ftags&post=23835"}],"curies":[{"name":"wp","href":"https:\/\/api.w.org\/{rel}","templated":true}]}}